{"id":1,"date":"2023-07-12T13:01:29","date_gmt":"2023-07-12T11:01:29","guid":{"rendered":"https:\/\/botschaft-senegal.de\/?p=1"},"modified":"2024-03-17T16:57:02","modified_gmt":"2024-03-17T15:57:02","slug":"elections","status":"publish","type":"post","link":"https:\/\/botschaft-senegal.de\/de\/2023\/07\/elections\/","title":{"rendered":"Wahlen"},"content":{"rendered":"<p><strong>Verteilung der W\u00e4hlerausweise<\/strong><\/p>\n\n\n<style>.kb-image1_c4931e-87 .kb-image-has-overlay:after{opacity:0.3;}<\/style>\n<figure class=\"wp-block-kadence-image kb-image1_c4931e-87 size-full\"><img loading=\"lazy\" decoding=\"async\" width=\"816\" height=\"549\" src=\"https:\/\/botschaft-senegal.de\/wp-content\/uploads\/2023\/12\/Communiquees-05-Elections.jpg\" alt=\"\" class=\"kb-img wp-image-915\" srcset=\"https:\/\/botschaft-senegal.de\/wp-content\/uploads\/2023\/12\/Communiquees-05-Elections.jpg 816w, https:\/\/botschaft-senegal.de\/wp-content\/uploads\/2023\/12\/Communiquees-05-Elections-300x202.jpg 300w, https:\/\/botschaft-senegal.de\/wp-content\/uploads\/2023\/12\/Communiquees-05-Elections-768x517.jpg 768w, https:\/\/botschaft-senegal.de\/wp-content\/uploads\/2023\/12\/Communiquees-05-Elections-18x12.jpg 18w\" sizes=\"auto, (max-width: 816px) 100vw, 816px\" \/><\/figure>","protected":false},"excerpt":{"rendered":"<p>Verteilung der W\u00e4hlerausweise<\/p>","protected":false},"author":1,"featured_media":915,"comment_status":"closed","ping_status":"closed","sticky":false,"template":"","format":"standard","meta":{"footnotes":""},"categories":[4],"tags":[],"class_list":["post-1","post","type-post","status-publish","format-standard","has-post-thumbnail","hentry","category-communique"],"blocksy_meta":[],"yoast_head":"<!-- This site is optimized with the Yoast SEO plugin v27.5 - https:\/\/yoast.com\/product\/yoast-seo-wordpress\/ -->\n<title>Elections - Ambassade du S&eacute;n&eacute;gal en Allemagne<\/title>\n<meta name=\"description\" content=\"Communiqu\u00e9 - Publication de l&#039;Ambassade - Informations pour les usagers --- Pressemitteilung - Ver\u00f6ffentlichung der Botschaft - Informationen f\u00fcr Benutzer --- Press release - Embassy publication - News\" \/>\n<meta name=\"robots\" content=\"index, follow, max-snippet:-1, max-image-preview:large, max-video-preview:-1\" \/>\n<link rel=\"canonical\" href=\"https:\/\/botschaft-senega-r4b19ptaoc.live-website.com\/2023\/07\/elections\/\" \/>\n<meta property=\"og:locale\" content=\"de_DE\" \/>\n<meta property=\"og:type\" content=\"article\" \/>\n<meta property=\"og:title\" content=\"Elections - Ambassade du S&eacute;n&eacute;gal en Allemagne\" \/>\n<meta property=\"og:description\" content=\"Communiqu\u00e9 - Publication de l&#039;Ambassade - Informations pour les usagers --- Pressemitteilung - Ver\u00f6ffentlichung der Botschaft - Informationen f\u00fcr Benutzer --- Press release - Embassy publication - News\" \/>\n<meta property=\"og:url\" content=\"https:\/\/botschaft-senega-r4b19ptaoc.live-website.com\/2023\/07\/elections\/\" \/>\n<meta property=\"og:site_name\" content=\"Ambassade du S&eacute;n&eacute;gal en Allemagne\" \/>\n<meta property=\"article:published_time\" content=\"2023-07-12T11:01:29+00:00\" \/>\n<meta property=\"article:modified_time\" content=\"2024-03-17T15:57:02+00:00\" \/>\n<meta property=\"og:image\" content=\"https:\/\/botschaft-senega-r4b19ptaoc.live-website.com\/wp-content\/uploads\/2023\/12\/Communiquees-05-Elections.jpg\" \/>\n\t<meta property=\"og:image:width\" content=\"816\" \/>\n\t<meta property=\"og:image:height\" content=\"549\" \/>\n\t<meta property=\"og:image:type\" content=\"image\/jpeg\" \/>\n<meta name=\"author\" content=\"Ambassade S\u00e9n\u00e9gal Berlin\" \/>\n<meta name=\"twitter:card\" content=\"summary_large_image\" \/>\n<meta name=\"twitter:label1\" content=\"Verfasst von\" \/>\n\t<meta name=\"twitter:data1\" content=\"Ambassade S\u00e9n\u00e9gal Berlin\" \/>\n<script type=\"application\/ld+json\" class=\"yoast-schema-graph\">{\"@context\":\"https:\\\/\\\/schema.org\",\"@graph\":[{\"@type\":\"Article\",\"@id\":\"https:\\\/\\\/botschaft-senega-r4b19ptaoc.live-website.com\\\/2023\\\/07\\\/elections\\\/#article\",\"isPartOf\":{\"@id\":\"https:\\\/\\\/botschaft-senega-r4b19ptaoc.live-website.com\\\/2023\\\/07\\\/elections\\\/\"},\"author\":{\"name\":\"Ambassade S\u00e9n\u00e9gal Berlin\",\"@id\":\"https:\\\/\\\/botschaft-senega-r4b19ptaoc.live-website.com\\\/#\\\/schema\\\/person\\\/3ae625ae9c06b3cef51cf6fb1f2d3be3\"},\"headline\":\"Elections\",\"datePublished\":\"2023-07-12T11:01:29+00:00\",\"dateModified\":\"2024-03-17T15:57:02+00:00\",\"mainEntityOfPage\":{\"@id\":\"https:\\\/\\\/botschaft-senega-r4b19ptaoc.live-website.com\\\/2023\\\/07\\\/elections\\\/\"},\"wordCount\":6,\"publisher\":{\"@id\":\"https:\\\/\\\/botschaft-senega-r4b19ptaoc.live-website.com\\\/#organization\"},\"image\":{\"@id\":\"https:\\\/\\\/botschaft-senega-r4b19ptaoc.live-website.com\\\/2023\\\/07\\\/elections\\\/#primaryimage\"},\"thumbnailUrl\":\"https:\\\/\\\/botschaft-senegal.de\\\/wp-content\\\/uploads\\\/2023\\\/12\\\/Communiquees-05-Elections.jpg\",\"articleSection\":[\"Communiqu\u00e9\"],\"inLanguage\":\"de\"},{\"@type\":\"WebPage\",\"@id\":\"https:\\\/\\\/botschaft-senega-r4b19ptaoc.live-website.com\\\/2023\\\/07\\\/elections\\\/\",\"url\":\"https:\\\/\\\/botschaft-senega-r4b19ptaoc.live-website.com\\\/2023\\\/07\\\/elections\\\/\",\"name\":\"Elections - Ambassade du S&eacute;n&eacute;gal en Allemagne\",\"isPartOf\":{\"@id\":\"https:\\\/\\\/botschaft-senega-r4b19ptaoc.live-website.com\\\/#website\"},\"primaryImageOfPage\":{\"@id\":\"https:\\\/\\\/botschaft-senega-r4b19ptaoc.live-website.com\\\/2023\\\/07\\\/elections\\\/#primaryimage\"},\"image\":{\"@id\":\"https:\\\/\\\/botschaft-senega-r4b19ptaoc.live-website.com\\\/2023\\\/07\\\/elections\\\/#primaryimage\"},\"thumbnailUrl\":\"https:\\\/\\\/botschaft-senegal.de\\\/wp-content\\\/uploads\\\/2023\\\/12\\\/Communiquees-05-Elections.jpg\",\"datePublished\":\"2023-07-12T11:01:29+00:00\",\"dateModified\":\"2024-03-17T15:57:02+00:00\",\"description\":\"Communiqu\u00e9 - Publication de l'Ambassade - Informations pour les usagers --- Pressemitteilung - Ver\u00f6ffentlichung der Botschaft - Informationen f\u00fcr Benutzer --- Press release - Embassy publication - News\",\"breadcrumb\":{\"@id\":\"https:\\\/\\\/botschaft-senega-r4b19ptaoc.live-website.com\\\/2023\\\/07\\\/elections\\\/#breadcrumb\"},\"inLanguage\":\"de\",\"potentialAction\":[{\"@type\":\"ReadAction\",\"target\":[\"https:\\\/\\\/botschaft-senega-r4b19ptaoc.live-website.com\\\/2023\\\/07\\\/elections\\\/\"]}]},{\"@type\":\"ImageObject\",\"inLanguage\":\"de\",\"@id\":\"https:\\\/\\\/botschaft-senega-r4b19ptaoc.live-website.com\\\/2023\\\/07\\\/elections\\\/#primaryimage\",\"url\":\"https:\\\/\\\/botschaft-senegal.de\\\/wp-content\\\/uploads\\\/2023\\\/12\\\/Communiquees-05-Elections.jpg\",\"contentUrl\":\"https:\\\/\\\/botschaft-senegal.de\\\/wp-content\\\/uploads\\\/2023\\\/12\\\/Communiquees-05-Elections.jpg\",\"width\":816,\"height\":549,\"caption\":\"Distribution des cartes d'\u00e9lecteurs\"},{\"@type\":\"BreadcrumbList\",\"@id\":\"https:\\\/\\\/botschaft-senega-r4b19ptaoc.live-website.com\\\/2023\\\/07\\\/elections\\\/#breadcrumb\",\"itemListElement\":[{\"@type\":\"ListItem\",\"position\":1,\"name\":\"Accueil\",\"item\":\"https:\\\/\\\/botschaft-senegal.de\\\/\"},{\"@type\":\"ListItem\",\"position\":2,\"name\":\"Elections\"}]},{\"@type\":\"WebSite\",\"@id\":\"https:\\\/\\\/botschaft-senega-r4b19ptaoc.live-website.com\\\/#website\",\"url\":\"https:\\\/\\\/botschaft-senega-r4b19ptaoc.live-website.com\\\/\",\"name\":\"Ambassade du S\u00e9n\u00e9gal \u00e0 Berlin\",\"description\":\"Ambassade du S&eacute;n&eacute;gal &agrave; Berlin\",\"publisher\":{\"@id\":\"https:\\\/\\\/botschaft-senega-r4b19ptaoc.live-website.com\\\/#organization\"},\"alternateName\":\"Botschaft Senegal\",\"potentialAction\":[{\"@type\":\"SearchAction\",\"target\":{\"@type\":\"EntryPoint\",\"urlTemplate\":\"https:\\\/\\\/botschaft-senega-r4b19ptaoc.live-website.com\\\/?s={search_term_string}\"},\"query-input\":{\"@type\":\"PropertyValueSpecification\",\"valueRequired\":true,\"valueName\":\"search_term_string\"}}],\"inLanguage\":\"de\"},{\"@type\":\"Organization\",\"@id\":\"https:\\\/\\\/botschaft-senega-r4b19ptaoc.live-website.com\\\/#organization\",\"name\":\"Ambassade du S\u00e9n\u00e9gal \u00e0 Berlin - Botschaft Senegal\",\"alternateName\":\"Botschaft senegal\",\"url\":\"https:\\\/\\\/botschaft-senega-r4b19ptaoc.live-website.com\\\/\",\"logo\":{\"@type\":\"ImageObject\",\"inLanguage\":\"de\",\"@id\":\"https:\\\/\\\/botschaft-senega-r4b19ptaoc.live-website.com\\\/#\\\/schema\\\/logo\\\/image\\\/\",\"url\":\"https:\\\/\\\/botschaft-senegal.de\\\/wp-content\\\/uploads\\\/2023\\\/07\\\/logo.svg.png\",\"contentUrl\":\"https:\\\/\\\/botschaft-senegal.de\\\/wp-content\\\/uploads\\\/2023\\\/07\\\/logo.svg.png\",\"width\":200,\"height\":237,\"caption\":\"Ambassade du S\u00e9n\u00e9gal \u00e0 Berlin - Botschaft Senegal\"},\"image\":{\"@id\":\"https:\\\/\\\/botschaft-senega-r4b19ptaoc.live-website.com\\\/#\\\/schema\\\/logo\\\/image\\\/\"}},{\"@type\":\"Person\",\"@id\":\"https:\\\/\\\/botschaft-senega-r4b19ptaoc.live-website.com\\\/#\\\/schema\\\/person\\\/3ae625ae9c06b3cef51cf6fb1f2d3be3\",\"name\":\"Ambassade S\u00e9n\u00e9gal Berlin\",\"image\":{\"@type\":\"ImageObject\",\"inLanguage\":\"de\",\"@id\":\"https:\\\/\\\/secure.gravatar.com\\\/avatar\\\/08e11eac2e954afcbc74ce3c7d208281fe059afdd76b3c81f44dbb2929deb38b?s=96&d=mm&r=g\",\"url\":\"https:\\\/\\\/secure.gravatar.com\\\/avatar\\\/08e11eac2e954afcbc74ce3c7d208281fe059afdd76b3c81f44dbb2929deb38b?s=96&d=mm&r=g\",\"contentUrl\":\"https:\\\/\\\/secure.gravatar.com\\\/avatar\\\/08e11eac2e954afcbc74ce3c7d208281fe059afdd76b3c81f44dbb2929deb38b?s=96&d=mm&r=g\",\"caption\":\"Ambassade S\u00e9n\u00e9gal Berlin\"},\"sameAs\":[\"https:\\\/\\\/botschaft-senegal.de\"],\"url\":\"https:\\\/\\\/botschaft-senegal.de\\\/de\\\/author\\\/admin\\\/\"}]}<\/script>\n<!-- \/ Yoast SEO plugin. -->","yoast_head_json":{"title":"Elections - Ambassade du S&eacute;n&eacute;gal en Allemagne","description":"Communiqu\u00e9 - Publication de l'Ambassade - Informations pour les usagers --- Pressemitteilung - Ver\u00f6ffentlichung der Botschaft - Informationen f\u00fcr Benutzer --- Press release - Embassy publication - News","robots":{"index":"index","follow":"follow","max-snippet":"max-snippet:-1","max-image-preview":"max-image-preview:large","max-video-preview":"max-video-preview:-1"},"canonical":"https:\/\/botschaft-senega-r4b19ptaoc.live-website.com\/2023\/07\/elections\/","og_locale":"de_DE","og_type":"article","og_title":"Elections - Ambassade du S&eacute;n&eacute;gal en Allemagne","og_description":"Communiqu\u00e9 - Publication de l'Ambassade - Informations pour les usagers --- Pressemitteilung - Ver\u00f6ffentlichung der Botschaft - Informationen f\u00fcr Benutzer --- Press release - Embassy publication - News","og_url":"https:\/\/botschaft-senega-r4b19ptaoc.live-website.com\/2023\/07\/elections\/","og_site_name":"Ambassade du S&eacute;n&eacute;gal en Allemagne","article_published_time":"2023-07-12T11:01:29+00:00","article_modified_time":"2024-03-17T15:57:02+00:00","og_image":[{"width":816,"height":549,"url":"https:\/\/botschaft-senega-r4b19ptaoc.live-website.com\/wp-content\/uploads\/2023\/12\/Communiquees-05-Elections.jpg","type":"image\/jpeg"}],"author":"Ambassade S\u00e9n\u00e9gal Berlin","twitter_card":"summary_large_image","twitter_misc":{"Verfasst von":"Ambassade S\u00e9n\u00e9gal Berlin"},"schema":{"@context":"https:\/\/schema.org","@graph":[{"@type":"Article","@id":"https:\/\/botschaft-senega-r4b19ptaoc.live-website.com\/2023\/07\/elections\/#article","isPartOf":{"@id":"https:\/\/botschaft-senega-r4b19ptaoc.live-website.com\/2023\/07\/elections\/"},"author":{"name":"Ambassade S\u00e9n\u00e9gal Berlin","@id":"https:\/\/botschaft-senega-r4b19ptaoc.live-website.com\/#\/schema\/person\/3ae625ae9c06b3cef51cf6fb1f2d3be3"},"headline":"Elections","datePublished":"2023-07-12T11:01:29+00:00","dateModified":"2024-03-17T15:57:02+00:00","mainEntityOfPage":{"@id":"https:\/\/botschaft-senega-r4b19ptaoc.live-website.com\/2023\/07\/elections\/"},"wordCount":6,"publisher":{"@id":"https:\/\/botschaft-senega-r4b19ptaoc.live-website.com\/#organization"},"image":{"@id":"https:\/\/botschaft-senega-r4b19ptaoc.live-website.com\/2023\/07\/elections\/#primaryimage"},"thumbnailUrl":"https:\/\/botschaft-senegal.de\/wp-content\/uploads\/2023\/12\/Communiquees-05-Elections.jpg","articleSection":["Communiqu\u00e9"],"inLanguage":"de"},{"@type":"WebPage","@id":"https:\/\/botschaft-senega-r4b19ptaoc.live-website.com\/2023\/07\/elections\/","url":"https:\/\/botschaft-senega-r4b19ptaoc.live-website.com\/2023\/07\/elections\/","name":"Elections - Ambassade du S&eacute;n&eacute;gal en Allemagne","isPartOf":{"@id":"https:\/\/botschaft-senega-r4b19ptaoc.live-website.com\/#website"},"primaryImageOfPage":{"@id":"https:\/\/botschaft-senega-r4b19ptaoc.live-website.com\/2023\/07\/elections\/#primaryimage"},"image":{"@id":"https:\/\/botschaft-senega-r4b19ptaoc.live-website.com\/2023\/07\/elections\/#primaryimage"},"thumbnailUrl":"https:\/\/botschaft-senegal.de\/wp-content\/uploads\/2023\/12\/Communiquees-05-Elections.jpg","datePublished":"2023-07-12T11:01:29+00:00","dateModified":"2024-03-17T15:57:02+00:00","description":"Communiqu\u00e9 - Publication de l'Ambassade - Informations pour les usagers --- Pressemitteilung - Ver\u00f6ffentlichung der Botschaft - Informationen f\u00fcr Benutzer --- Press release - Embassy publication - News","breadcrumb":{"@id":"https:\/\/botschaft-senega-r4b19ptaoc.live-website.com\/2023\/07\/elections\/#breadcrumb"},"inLanguage":"de","potentialAction":[{"@type":"ReadAction","target":["https:\/\/botschaft-senega-r4b19ptaoc.live-website.com\/2023\/07\/elections\/"]}]},{"@type":"ImageObject","inLanguage":"de","@id":"https:\/\/botschaft-senega-r4b19ptaoc.live-website.com\/2023\/07\/elections\/#primaryimage","url":"https:\/\/botschaft-senegal.de\/wp-content\/uploads\/2023\/12\/Communiquees-05-Elections.jpg","contentUrl":"https:\/\/botschaft-senegal.de\/wp-content\/uploads\/2023\/12\/Communiquees-05-Elections.jpg","width":816,"height":549,"caption":"Distribution des cartes d'\u00e9lecteurs"},{"@type":"BreadcrumbList","@id":"https:\/\/botschaft-senega-r4b19ptaoc.live-website.com\/2023\/07\/elections\/#breadcrumb","itemListElement":[{"@type":"ListItem","position":1,"name":"Accueil","item":"https:\/\/botschaft-senegal.de\/"},{"@type":"ListItem","position":2,"name":"Elections"}]},{"@type":"WebSite","@id":"https:\/\/botschaft-senega-r4b19ptaoc.live-website.com\/#website","url":"https:\/\/botschaft-senega-r4b19ptaoc.live-website.com\/","name":"Ambassade du S\u00e9n\u00e9gal \u00e0 Berlin","description":"Ambassade du S&eacute;n&eacute;gal &agrave; Berlin","publisher":{"@id":"https:\/\/botschaft-senega-r4b19ptaoc.live-website.com\/#organization"},"alternateName":"Botschaft Senegal","potentialAction":[{"@type":"SearchAction","target":{"@type":"EntryPoint","urlTemplate":"https:\/\/botschaft-senega-r4b19ptaoc.live-website.com\/?s={search_term_string}"},"query-input":{"@type":"PropertyValueSpecification","valueRequired":true,"valueName":"search_term_string"}}],"inLanguage":"de"},{"@type":"Organization","@id":"https:\/\/botschaft-senega-r4b19ptaoc.live-website.com\/#organization","name":"Ambassade du S\u00e9n\u00e9gal \u00e0 Berlin - Botschaft Senegal","alternateName":"Botschaft senegal","url":"https:\/\/botschaft-senega-r4b19ptaoc.live-website.com\/","logo":{"@type":"ImageObject","inLanguage":"de","@id":"https:\/\/botschaft-senega-r4b19ptaoc.live-website.com\/#\/schema\/logo\/image\/","url":"https:\/\/botschaft-senegal.de\/wp-content\/uploads\/2023\/07\/logo.svg.png","contentUrl":"https:\/\/botschaft-senegal.de\/wp-content\/uploads\/2023\/07\/logo.svg.png","width":200,"height":237,"caption":"Ambassade du S\u00e9n\u00e9gal \u00e0 Berlin - Botschaft Senegal"},"image":{"@id":"https:\/\/botschaft-senega-r4b19ptaoc.live-website.com\/#\/schema\/logo\/image\/"}},{"@type":"Person","@id":"https:\/\/botschaft-senega-r4b19ptaoc.live-website.com\/#\/schema\/person\/3ae625ae9c06b3cef51cf6fb1f2d3be3","name":"Senegalesische Botschaft Berlin","image":{"@type":"ImageObject","inLanguage":"de","@id":"https:\/\/secure.gravatar.com\/avatar\/08e11eac2e954afcbc74ce3c7d208281fe059afdd76b3c81f44dbb2929deb38b?s=96&d=mm&r=g","url":"https:\/\/secure.gravatar.com\/avatar\/08e11eac2e954afcbc74ce3c7d208281fe059afdd76b3c81f44dbb2929deb38b?s=96&d=mm&r=g","contentUrl":"https:\/\/secure.gravatar.com\/avatar\/08e11eac2e954afcbc74ce3c7d208281fe059afdd76b3c81f44dbb2929deb38b?s=96&d=mm&r=g","caption":"Ambassade S\u00e9n\u00e9gal Berlin"},"sameAs":["https:\/\/botschaft-senegal.de"],"url":"https:\/\/botschaft-senegal.de\/de\/author\/admin\/"}]}},"_links":{"self":[{"href":"https:\/\/botschaft-senegal.de\/de\/wp-json\/wp\/v2\/posts\/1","targetHints":{"allow":["GET"]}}],"collection":[{"href":"https:\/\/botschaft-senegal.de\/de\/wp-json\/wp\/v2\/posts"}],"about":[{"href":"https:\/\/botschaft-senegal.de\/de\/wp-json\/wp\/v2\/types\/post"}],"author":[{"embeddable":true,"href":"https:\/\/botschaft-senegal.de\/de\/wp-json\/wp\/v2\/users\/1"}],"replies":[{"embeddable":true,"href":"https:\/\/botschaft-senegal.de\/de\/wp-json\/wp\/v2\/comments?post=1"}],"version-history":[{"count":3,"href":"https:\/\/botschaft-senegal.de\/de\/wp-json\/wp\/v2\/posts\/1\/revisions"}],"predecessor-version":[{"id":966,"href":"https:\/\/botschaft-senegal.de\/de\/wp-json\/wp\/v2\/posts\/1\/revisions\/966"}],"wp:featuredmedia":[{"embeddable":true,"href":"https:\/\/botschaft-senegal.de\/de\/wp-json\/wp\/v2\/media\/915"}],"wp:attachment":[{"href":"https:\/\/botschaft-senegal.de\/de\/wp-json\/wp\/v2\/media?parent=1"}],"wp:term":[{"taxonomy":"category","embeddable":true,"href":"https:\/\/botschaft-senegal.de\/de\/wp-json\/wp\/v2\/categories?post=1"},{"taxonomy":"post_tag","embeddable":true,"href":"https:\/\/botschaft-senegal.de\/de\/wp-json\/wp\/v2\/tags?post=1"}],"curies":[{"name":"wp","href":"https:\/\/api.w.org\/{rel}","templated":true}]}}