{"id":1121,"date":"2024-04-09T13:57:26","date_gmt":"2024-04-09T11:57:26","guid":{"rendered":"https:\/\/botschaft-senegal.de\/?p=1121"},"modified":"2024-04-09T13:57:27","modified_gmt":"2024-04-09T11:57:27","slug":"message-de-felicitations-et-de-remerciements","status":"publish","type":"post","link":"https:\/\/botschaft-senegal.de\/de\/2024\/04\/message-de-felicitations-et-de-remerciements\/","title":{"rendered":"Message de f\u00e9licitations et de remerciements"},"content":{"rendered":"<p class=\"has-large-font-size\">Au sortir de l&rsquo;\u00e9lection du Pr\u00e9sident de la R\u00e9publique du S\u00e9n\u00e9gal du 24 mars 2024, l&rsquo;Ambassade du S\u00e9n\u00e9gal en Allemagne adresse ses chaleureuses<br>f\u00e9licitations et ses sinc\u00e8res remerciements \u00e0 la communaut\u00e9 s\u00e9n\u00e9galaise d&rsquo;Allemagne qui, en accomplissant son devoir citoyen dans la paix, la<br>transparence et la courtoisie, a d\u00e9montr\u00e9, encore une fois, la maturit\u00e9 du Peuple S\u00e9n\u00e9galais ainsi que la vitalit\u00e9 de sa d\u00e9mocratie.<br>Ces remerciements s&rsquo;adressent particuli\u00e8rement aux responsables des diff\u00e9rentes Associations dont la disponibilit\u00e9 et la collaboration constantes ont<br>largement permis de relever le d\u00e9fi de la pr\u00e9paration et de l&rsquo;organisation de ce scrutin.<br>L&rsquo;Ambassade magnifie ce bel exemple de partenariat et renouvelle \u00e0 tous la profonde gratitude des hautes Autorit\u00e9s s\u00e9n\u00e9galaises.<\/p>\n\n\n\n<p class=\"has-medium-font-size\"><strong>Fait \u00e0 Berlin, le 0 3 AVR 2024<\/strong><\/p>\n\n\n\n<figure class=\"wp-block-image size-full\"><img loading=\"lazy\" decoding=\"async\" width=\"779\" height=\"706\" src=\"https:\/\/botschaft-senegal.de\/wp-content\/uploads\/2024\/04\/Communique-8.jpg\" alt=\"\" class=\"wp-image-1122\" srcset=\"https:\/\/botschaft-senegal.de\/wp-content\/uploads\/2024\/04\/Communique-8.jpg 779w, https:\/\/botschaft-senegal.de\/wp-content\/uploads\/2024\/04\/Communique-8-300x272.jpg 300w, https:\/\/botschaft-senegal.de\/wp-content\/uploads\/2024\/04\/Communique-8-768x696.jpg 768w, https:\/\/botschaft-senegal.de\/wp-content\/uploads\/2024\/04\/Communique-8-13x12.jpg 13w\" sizes=\"auto, (max-width: 779px) 100vw, 779px\" \/><\/figure>","protected":false},"excerpt":{"rendered":"<p>Au sortir de l&rsquo;\u00e9lection du Pr\u00e9sident de la R\u00e9publique du S\u00e9n\u00e9gal du 24 mars 2024, l&rsquo;Ambassade du S\u00e9n\u00e9gal en Allemagne adresse ses chaleureusesf\u00e9licitations et ses sinc\u00e8res remerciements \u00e0 la communaut\u00e9 s\u00e9n\u00e9galaise d&rsquo;Allemagne qui, en accomplissant son devoir citoyen dans la paix, latransparence et la courtoisie, a d\u00e9montr\u00e9, encore une fois, la maturit\u00e9 du Peuple S\u00e9n\u00e9galais [&hellip;]<\/p>\n","protected":false},"author":1,"featured_media":1122,"comment_status":"closed","ping_status":"open","sticky":false,"template":"","format":"standard","meta":{"footnotes":""},"categories":[4,9],"tags":[],"class_list":["post-1121","post","type-post","status-publish","format-standard","has-post-thumbnail","hentry","category-communique","category-diaspora"],"blocksy_meta":[],"yoast_head":"<!-- This site is optimized with the Yoast SEO plugin v27.5 - https:\/\/yoast.com\/product\/yoast-seo-wordpress\/ -->\n<title>Message de f\u00e9licitations et de remerciements - Ambassade du S&eacute;n&eacute;gal en Allemagne<\/title>\n<meta name=\"description\" content=\"Communiqu\u00e9 - Publication de l&#039;Ambassade - Informations pour les usagers --- Pressemitteilung - Ver\u00f6ffentlichung der Botschaft - Informationen f\u00fcr Benutzer --- Press release - Embassy publication - News\" \/>\n<meta name=\"robots\" content=\"index, follow, max-snippet:-1, max-image-preview:large, max-video-preview:-1\" \/>\n<link rel=\"canonical\" href=\"https:\/\/botschaft-senegal.de\/de\/2024\/04\/message-de-felicitations-et-de-remerciements\/\" \/>\n<meta property=\"og:locale\" content=\"de_DE\" \/>\n<meta property=\"og:type\" content=\"article\" \/>\n<meta property=\"og:title\" content=\"Message de f\u00e9licitations et de remerciements - Ambassade du S&eacute;n&eacute;gal en Allemagne\" \/>\n<meta property=\"og:description\" content=\"Communiqu\u00e9 - Publication de l&#039;Ambassade - Informations pour les usagers --- Pressemitteilung - Ver\u00f6ffentlichung der Botschaft - Informationen f\u00fcr Benutzer --- Press release - Embassy publication - News\" \/>\n<meta property=\"og:url\" content=\"https:\/\/botschaft-senegal.de\/de\/2024\/04\/message-de-felicitations-et-de-remerciements\/\" \/>\n<meta property=\"og:site_name\" content=\"Ambassade du S&eacute;n&eacute;gal en Allemagne\" \/>\n<meta property=\"article:published_time\" content=\"2024-04-09T11:57:26+00:00\" \/>\n<meta property=\"article:modified_time\" content=\"2024-04-09T11:57:27+00:00\" \/>\n<meta property=\"og:image\" content=\"https:\/\/botschaft-senegal.de\/wp-content\/uploads\/2024\/04\/Communique-8.jpg\" \/>\n\t<meta property=\"og:image:width\" content=\"779\" \/>\n\t<meta property=\"og:image:height\" content=\"706\" \/>\n\t<meta property=\"og:image:type\" content=\"image\/jpeg\" \/>\n<meta name=\"author\" content=\"Ambassade S\u00e9n\u00e9gal Berlin\" \/>\n<meta name=\"twitter:card\" content=\"summary_large_image\" \/>\n<meta name=\"twitter:label1\" content=\"Verfasst von\" \/>\n\t<meta name=\"twitter:data1\" content=\"Ambassade S\u00e9n\u00e9gal Berlin\" \/>\n\t<meta name=\"twitter:label2\" content=\"Gesch\u00e4tzte Lesezeit\" \/>\n\t<meta name=\"twitter:data2\" content=\"2 Minuten\" \/>\n<script type=\"application\/ld+json\" class=\"yoast-schema-graph\">{\"@context\":\"https:\\\/\\\/schema.org\",\"@graph\":[{\"@type\":\"Article\",\"@id\":\"https:\\\/\\\/botschaft-senegal.de\\\/2024\\\/04\\\/message-de-felicitations-et-de-remerciements\\\/#article\",\"isPartOf\":{\"@id\":\"https:\\\/\\\/botschaft-senegal.de\\\/2024\\\/04\\\/message-de-felicitations-et-de-remerciements\\\/\"},\"author\":{\"name\":\"Ambassade S\u00e9n\u00e9gal Berlin\",\"@id\":\"https:\\\/\\\/botschaft-senega-r4b19ptaoc.live-website.com\\\/#\\\/schema\\\/person\\\/3ae625ae9c06b3cef51cf6fb1f2d3be3\"},\"headline\":\"Message de f\u00e9licitations et de remerciements\",\"datePublished\":\"2024-04-09T11:57:26+00:00\",\"dateModified\":\"2024-04-09T11:57:27+00:00\",\"mainEntityOfPage\":{\"@id\":\"https:\\\/\\\/botschaft-senegal.de\\\/2024\\\/04\\\/message-de-felicitations-et-de-remerciements\\\/\"},\"wordCount\":140,\"publisher\":{\"@id\":\"https:\\\/\\\/botschaft-senega-r4b19ptaoc.live-website.com\\\/#organization\"},\"image\":{\"@id\":\"https:\\\/\\\/botschaft-senegal.de\\\/2024\\\/04\\\/message-de-felicitations-et-de-remerciements\\\/#primaryimage\"},\"thumbnailUrl\":\"https:\\\/\\\/botschaft-senegal.de\\\/wp-content\\\/uploads\\\/2024\\\/04\\\/Communique-8.jpg\",\"articleSection\":[\"Communiqu\u00e9\",\"Diaspora\"],\"inLanguage\":\"de\"},{\"@type\":\"WebPage\",\"@id\":\"https:\\\/\\\/botschaft-senegal.de\\\/2024\\\/04\\\/message-de-felicitations-et-de-remerciements\\\/\",\"url\":\"https:\\\/\\\/botschaft-senegal.de\\\/2024\\\/04\\\/message-de-felicitations-et-de-remerciements\\\/\",\"name\":\"Message de f\u00e9licitations et de remerciements - Ambassade du S&eacute;n&eacute;gal en Allemagne\",\"isPartOf\":{\"@id\":\"https:\\\/\\\/botschaft-senega-r4b19ptaoc.live-website.com\\\/#website\"},\"primaryImageOfPage\":{\"@id\":\"https:\\\/\\\/botschaft-senegal.de\\\/2024\\\/04\\\/message-de-felicitations-et-de-remerciements\\\/#primaryimage\"},\"image\":{\"@id\":\"https:\\\/\\\/botschaft-senegal.de\\\/2024\\\/04\\\/message-de-felicitations-et-de-remerciements\\\/#primaryimage\"},\"thumbnailUrl\":\"https:\\\/\\\/botschaft-senegal.de\\\/wp-content\\\/uploads\\\/2024\\\/04\\\/Communique-8.jpg\",\"datePublished\":\"2024-04-09T11:57:26+00:00\",\"dateModified\":\"2024-04-09T11:57:27+00:00\",\"description\":\"Communiqu\u00e9 - Publication de l'Ambassade - Informations pour les usagers --- Pressemitteilung - Ver\u00f6ffentlichung der Botschaft - Informationen f\u00fcr Benutzer --- Press release - Embassy publication - News\",\"breadcrumb\":{\"@id\":\"https:\\\/\\\/botschaft-senegal.de\\\/2024\\\/04\\\/message-de-felicitations-et-de-remerciements\\\/#breadcrumb\"},\"inLanguage\":\"de\",\"potentialAction\":[{\"@type\":\"ReadAction\",\"target\":[\"https:\\\/\\\/botschaft-senegal.de\\\/2024\\\/04\\\/message-de-felicitations-et-de-remerciements\\\/\"]}]},{\"@type\":\"ImageObject\",\"inLanguage\":\"de\",\"@id\":\"https:\\\/\\\/botschaft-senegal.de\\\/2024\\\/04\\\/message-de-felicitations-et-de-remerciements\\\/#primaryimage\",\"url\":\"https:\\\/\\\/botschaft-senegal.de\\\/wp-content\\\/uploads\\\/2024\\\/04\\\/Communique-8.jpg\",\"contentUrl\":\"https:\\\/\\\/botschaft-senegal.de\\\/wp-content\\\/uploads\\\/2024\\\/04\\\/Communique-8.jpg\",\"width\":779,\"height\":706},{\"@type\":\"BreadcrumbList\",\"@id\":\"https:\\\/\\\/botschaft-senegal.de\\\/2024\\\/04\\\/message-de-felicitations-et-de-remerciements\\\/#breadcrumb\",\"itemListElement\":[{\"@type\":\"ListItem\",\"position\":1,\"name\":\"Accueil\",\"item\":\"https:\\\/\\\/botschaft-senegal.de\\\/\"},{\"@type\":\"ListItem\",\"position\":2,\"name\":\"Message de f\u00e9licitations et de remerciements\"}]},{\"@type\":\"WebSite\",\"@id\":\"https:\\\/\\\/botschaft-senega-r4b19ptaoc.live-website.com\\\/#website\",\"url\":\"https:\\\/\\\/botschaft-senega-r4b19ptaoc.live-website.com\\\/\",\"name\":\"Ambassade du S\u00e9n\u00e9gal \u00e0 Berlin\",\"description\":\"Ambassade du S&eacute;n&eacute;gal &agrave; Berlin\",\"publisher\":{\"@id\":\"https:\\\/\\\/botschaft-senega-r4b19ptaoc.live-website.com\\\/#organization\"},\"alternateName\":\"Botschaft Senegal\",\"potentialAction\":[{\"@type\":\"SearchAction\",\"target\":{\"@type\":\"EntryPoint\",\"urlTemplate\":\"https:\\\/\\\/botschaft-senega-r4b19ptaoc.live-website.com\\\/?s={search_term_string}\"},\"query-input\":{\"@type\":\"PropertyValueSpecification\",\"valueRequired\":true,\"valueName\":\"search_term_string\"}}],\"inLanguage\":\"de\"},{\"@type\":\"Organization\",\"@id\":\"https:\\\/\\\/botschaft-senega-r4b19ptaoc.live-website.com\\\/#organization\",\"name\":\"Ambassade du S\u00e9n\u00e9gal \u00e0 Berlin - Botschaft Senegal\",\"alternateName\":\"Botschaft senegal\",\"url\":\"https:\\\/\\\/botschaft-senega-r4b19ptaoc.live-website.com\\\/\",\"logo\":{\"@type\":\"ImageObject\",\"inLanguage\":\"de\",\"@id\":\"https:\\\/\\\/botschaft-senega-r4b19ptaoc.live-website.com\\\/#\\\/schema\\\/logo\\\/image\\\/\",\"url\":\"https:\\\/\\\/botschaft-senegal.de\\\/wp-content\\\/uploads\\\/2023\\\/07\\\/logo.svg.png\",\"contentUrl\":\"https:\\\/\\\/botschaft-senegal.de\\\/wp-content\\\/uploads\\\/2023\\\/07\\\/logo.svg.png\",\"width\":200,\"height\":237,\"caption\":\"Ambassade du S\u00e9n\u00e9gal \u00e0 Berlin - Botschaft Senegal\"},\"image\":{\"@id\":\"https:\\\/\\\/botschaft-senega-r4b19ptaoc.live-website.com\\\/#\\\/schema\\\/logo\\\/image\\\/\"}},{\"@type\":\"Person\",\"@id\":\"https:\\\/\\\/botschaft-senega-r4b19ptaoc.live-website.com\\\/#\\\/schema\\\/person\\\/3ae625ae9c06b3cef51cf6fb1f2d3be3\",\"name\":\"Ambassade S\u00e9n\u00e9gal Berlin\",\"image\":{\"@type\":\"ImageObject\",\"inLanguage\":\"de\",\"@id\":\"https:\\\/\\\/secure.gravatar.com\\\/avatar\\\/08e11eac2e954afcbc74ce3c7d208281fe059afdd76b3c81f44dbb2929deb38b?s=96&d=mm&r=g\",\"url\":\"https:\\\/\\\/secure.gravatar.com\\\/avatar\\\/08e11eac2e954afcbc74ce3c7d208281fe059afdd76b3c81f44dbb2929deb38b?s=96&d=mm&r=g\",\"contentUrl\":\"https:\\\/\\\/secure.gravatar.com\\\/avatar\\\/08e11eac2e954afcbc74ce3c7d208281fe059afdd76b3c81f44dbb2929deb38b?s=96&d=mm&r=g\",\"caption\":\"Ambassade S\u00e9n\u00e9gal Berlin\"},\"sameAs\":[\"https:\\\/\\\/botschaft-senegal.de\"],\"url\":\"https:\\\/\\\/botschaft-senegal.de\\\/de\\\/author\\\/admin\\\/\"}]}<\/script>\n<!-- \/ Yoast SEO plugin. -->","yoast_head_json":{"title":"Message de f\u00e9licitations et de remerciements - Ambassade du S&eacute;n&eacute;gal en Allemagne","description":"Communiqu\u00e9 - Publication de l'Ambassade - Informations pour les usagers --- Pressemitteilung - Ver\u00f6ffentlichung der Botschaft - Informationen f\u00fcr Benutzer --- Press release - Embassy publication - News","robots":{"index":"index","follow":"follow","max-snippet":"max-snippet:-1","max-image-preview":"max-image-preview:large","max-video-preview":"max-video-preview:-1"},"canonical":"https:\/\/botschaft-senegal.de\/de\/2024\/04\/message-de-felicitations-et-de-remerciements\/","og_locale":"de_DE","og_type":"article","og_title":"Message de f\u00e9licitations et de remerciements - Ambassade du S&eacute;n&eacute;gal en Allemagne","og_description":"Communiqu\u00e9 - Publication de l'Ambassade - Informations pour les usagers --- Pressemitteilung - Ver\u00f6ffentlichung der Botschaft - Informationen f\u00fcr Benutzer --- Press release - Embassy publication - News","og_url":"https:\/\/botschaft-senegal.de\/de\/2024\/04\/message-de-felicitations-et-de-remerciements\/","og_site_name":"Ambassade du S&eacute;n&eacute;gal en Allemagne","article_published_time":"2024-04-09T11:57:26+00:00","article_modified_time":"2024-04-09T11:57:27+00:00","og_image":[{"width":779,"height":706,"url":"https:\/\/botschaft-senegal.de\/wp-content\/uploads\/2024\/04\/Communique-8.jpg","type":"image\/jpeg"}],"author":"Ambassade S\u00e9n\u00e9gal Berlin","twitter_card":"summary_large_image","twitter_misc":{"Verfasst von":"Ambassade S\u00e9n\u00e9gal Berlin","Gesch\u00e4tzte Lesezeit":"2 Minuten"},"schema":{"@context":"https:\/\/schema.org","@graph":[{"@type":"Article","@id":"https:\/\/botschaft-senegal.de\/2024\/04\/message-de-felicitations-et-de-remerciements\/#article","isPartOf":{"@id":"https:\/\/botschaft-senegal.de\/2024\/04\/message-de-felicitations-et-de-remerciements\/"},"author":{"name":"Ambassade S\u00e9n\u00e9gal Berlin","@id":"https:\/\/botschaft-senega-r4b19ptaoc.live-website.com\/#\/schema\/person\/3ae625ae9c06b3cef51cf6fb1f2d3be3"},"headline":"Message de f\u00e9licitations et de remerciements","datePublished":"2024-04-09T11:57:26+00:00","dateModified":"2024-04-09T11:57:27+00:00","mainEntityOfPage":{"@id":"https:\/\/botschaft-senegal.de\/2024\/04\/message-de-felicitations-et-de-remerciements\/"},"wordCount":140,"publisher":{"@id":"https:\/\/botschaft-senega-r4b19ptaoc.live-website.com\/#organization"},"image":{"@id":"https:\/\/botschaft-senegal.de\/2024\/04\/message-de-felicitations-et-de-remerciements\/#primaryimage"},"thumbnailUrl":"https:\/\/botschaft-senegal.de\/wp-content\/uploads\/2024\/04\/Communique-8.jpg","articleSection":["Communiqu\u00e9","Diaspora"],"inLanguage":"de"},{"@type":"WebPage","@id":"https:\/\/botschaft-senegal.de\/2024\/04\/message-de-felicitations-et-de-remerciements\/","url":"https:\/\/botschaft-senegal.de\/2024\/04\/message-de-felicitations-et-de-remerciements\/","name":"Message de f\u00e9licitations et de remerciements - Ambassade du S&eacute;n&eacute;gal en Allemagne","isPartOf":{"@id":"https:\/\/botschaft-senega-r4b19ptaoc.live-website.com\/#website"},"primaryImageOfPage":{"@id":"https:\/\/botschaft-senegal.de\/2024\/04\/message-de-felicitations-et-de-remerciements\/#primaryimage"},"image":{"@id":"https:\/\/botschaft-senegal.de\/2024\/04\/message-de-felicitations-et-de-remerciements\/#primaryimage"},"thumbnailUrl":"https:\/\/botschaft-senegal.de\/wp-content\/uploads\/2024\/04\/Communique-8.jpg","datePublished":"2024-04-09T11:57:26+00:00","dateModified":"2024-04-09T11:57:27+00:00","description":"Communiqu\u00e9 - Publication de l'Ambassade - Informations pour les usagers --- Pressemitteilung - Ver\u00f6ffentlichung der Botschaft - Informationen f\u00fcr Benutzer --- Press release - Embassy publication - News","breadcrumb":{"@id":"https:\/\/botschaft-senegal.de\/2024\/04\/message-de-felicitations-et-de-remerciements\/#breadcrumb"},"inLanguage":"de","potentialAction":[{"@type":"ReadAction","target":["https:\/\/botschaft-senegal.de\/2024\/04\/message-de-felicitations-et-de-remerciements\/"]}]},{"@type":"ImageObject","inLanguage":"de","@id":"https:\/\/botschaft-senegal.de\/2024\/04\/message-de-felicitations-et-de-remerciements\/#primaryimage","url":"https:\/\/botschaft-senegal.de\/wp-content\/uploads\/2024\/04\/Communique-8.jpg","contentUrl":"https:\/\/botschaft-senegal.de\/wp-content\/uploads\/2024\/04\/Communique-8.jpg","width":779,"height":706},{"@type":"BreadcrumbList","@id":"https:\/\/botschaft-senegal.de\/2024\/04\/message-de-felicitations-et-de-remerciements\/#breadcrumb","itemListElement":[{"@type":"ListItem","position":1,"name":"Accueil","item":"https:\/\/botschaft-senegal.de\/"},{"@type":"ListItem","position":2,"name":"Message de f\u00e9licitations et de remerciements"}]},{"@type":"WebSite","@id":"https:\/\/botschaft-senega-r4b19ptaoc.live-website.com\/#website","url":"https:\/\/botschaft-senega-r4b19ptaoc.live-website.com\/","name":"Ambassade du S\u00e9n\u00e9gal \u00e0 Berlin","description":"Ambassade du S&eacute;n&eacute;gal &agrave; Berlin","publisher":{"@id":"https:\/\/botschaft-senega-r4b19ptaoc.live-website.com\/#organization"},"alternateName":"Botschaft Senegal","potentialAction":[{"@type":"SearchAction","target":{"@type":"EntryPoint","urlTemplate":"https:\/\/botschaft-senega-r4b19ptaoc.live-website.com\/?s={search_term_string}"},"query-input":{"@type":"PropertyValueSpecification","valueRequired":true,"valueName":"search_term_string"}}],"inLanguage":"de"},{"@type":"Organization","@id":"https:\/\/botschaft-senega-r4b19ptaoc.live-website.com\/#organization","name":"Ambassade du S\u00e9n\u00e9gal \u00e0 Berlin - Botschaft Senegal","alternateName":"Botschaft senegal","url":"https:\/\/botschaft-senega-r4b19ptaoc.live-website.com\/","logo":{"@type":"ImageObject","inLanguage":"de","@id":"https:\/\/botschaft-senega-r4b19ptaoc.live-website.com\/#\/schema\/logo\/image\/","url":"https:\/\/botschaft-senegal.de\/wp-content\/uploads\/2023\/07\/logo.svg.png","contentUrl":"https:\/\/botschaft-senegal.de\/wp-content\/uploads\/2023\/07\/logo.svg.png","width":200,"height":237,"caption":"Ambassade du S\u00e9n\u00e9gal \u00e0 Berlin - Botschaft Senegal"},"image":{"@id":"https:\/\/botschaft-senega-r4b19ptaoc.live-website.com\/#\/schema\/logo\/image\/"}},{"@type":"Person","@id":"https:\/\/botschaft-senega-r4b19ptaoc.live-website.com\/#\/schema\/person\/3ae625ae9c06b3cef51cf6fb1f2d3be3","name":"Senegalesische Botschaft Berlin","image":{"@type":"ImageObject","inLanguage":"de","@id":"https:\/\/secure.gravatar.com\/avatar\/08e11eac2e954afcbc74ce3c7d208281fe059afdd76b3c81f44dbb2929deb38b?s=96&d=mm&r=g","url":"https:\/\/secure.gravatar.com\/avatar\/08e11eac2e954afcbc74ce3c7d208281fe059afdd76b3c81f44dbb2929deb38b?s=96&d=mm&r=g","contentUrl":"https:\/\/secure.gravatar.com\/avatar\/08e11eac2e954afcbc74ce3c7d208281fe059afdd76b3c81f44dbb2929deb38b?s=96&d=mm&r=g","caption":"Ambassade S\u00e9n\u00e9gal Berlin"},"sameAs":["https:\/\/botschaft-senegal.de"],"url":"https:\/\/botschaft-senegal.de\/de\/author\/admin\/"}]}},"_links":{"self":[{"href":"https:\/\/botschaft-senegal.de\/de\/wp-json\/wp\/v2\/posts\/1121","targetHints":{"allow":["GET"]}}],"collection":[{"href":"https:\/\/botschaft-senegal.de\/de\/wp-json\/wp\/v2\/posts"}],"about":[{"href":"https:\/\/botschaft-senegal.de\/de\/wp-json\/wp\/v2\/types\/post"}],"author":[{"embeddable":true,"href":"https:\/\/botschaft-senegal.de\/de\/wp-json\/wp\/v2\/users\/1"}],"replies":[{"embeddable":true,"href":"https:\/\/botschaft-senegal.de\/de\/wp-json\/wp\/v2\/comments?post=1121"}],"version-history":[{"count":1,"href":"https:\/\/botschaft-senegal.de\/de\/wp-json\/wp\/v2\/posts\/1121\/revisions"}],"predecessor-version":[{"id":1123,"href":"https:\/\/botschaft-senegal.de\/de\/wp-json\/wp\/v2\/posts\/1121\/revisions\/1123"}],"wp:featuredmedia":[{"embeddable":true,"href":"https:\/\/botschaft-senegal.de\/de\/wp-json\/wp\/v2\/media\/1122"}],"wp:attachment":[{"href":"https:\/\/botschaft-senegal.de\/de\/wp-json\/wp\/v2\/media?parent=1121"}],"wp:term":[{"taxonomy":"category","embeddable":true,"href":"https:\/\/botschaft-senegal.de\/de\/wp-json\/wp\/v2\/categories?post=1121"},{"taxonomy":"post_tag","embeddable":true,"href":"https:\/\/botschaft-senegal.de\/de\/wp-json\/wp\/v2\/tags?post=1121"}],"curies":[{"name":"wp","href":"https:\/\/api.w.org\/{rel}","templated":true}]}}