{"id":1190,"date":"2024-12-06T16:15:48","date_gmt":"2024-12-06T15:15:48","guid":{"rendered":"https:\/\/botschaft-senegal.de\/?p=1190"},"modified":"2024-12-06T16:51:33","modified_gmt":"2024-12-06T15:51:33","slug":"composition-du-gouvernement-du-senegal","status":"publish","type":"post","link":"https:\/\/botschaft-senegal.de\/de\/2024\/12\/composition-du-gouvernement-du-senegal\/","title":{"rendered":"Composition du gouvernement du Senegal"},"content":{"rendered":"<p>Voici la liste compl\u00e8te des membres du gouvernement:<\/p>\n\n\n\n<p><strong>Monsieur Ousmane SONKO&nbsp;<\/strong>: Premier Ministre<\/p>\n\n\n\n<p><strong>MINISTRES :<\/strong><\/p>\n\n\n\n<p>1.&nbsp;<strong>Madame Yassine FALL<\/strong>&nbsp;: Ministre de l\u2019Int\u00e9gration africaine et des Affaires \u00e9trang\u00e8res ;<\/p>\n\n\n\n<p>2.&nbsp;<strong>G\u00e9n\u00e9ral (2S) Birame DIOP<\/strong>&nbsp;: Ministre des Forces arm\u00e9es ;<\/p>\n\n\n\n<p>3.&nbsp;<strong>Monsieur Ousmane DIAGNE&nbsp;<\/strong>: Ministre de la Justice, Garde des Sceaux ;<\/p>\n\n\n\n<p>4.&nbsp;<strong>G\u00e9n\u00e9ral (2S) Jean Baptiste TINE<\/strong>&nbsp;: Ministre de l\u2019Int\u00e9rieur et de la S\u00e9curit\u00e9 publique ;<\/p>\n\n\n\n<p>5.&nbsp;<strong>Monsieur Birame Soul\u00e8ye DIOP&nbsp;<\/strong>: Ministre de l\u2019\u00c9nergie, du P\u00e9trole et des Mines ;<\/p>\n\n\n\n<p>6.&nbsp;<strong>Monsieur Abdourahmane SARR<\/strong>&nbsp;: Ministre de l\u2019Economie, du Plan et de la Coop\u00e9ration ;<\/p>\n\n\n\n<p>7.&nbsp;<strong>Monsieur Cheikh DIBA<\/strong>&nbsp;: Ministre des Finances et du Budget ;<\/p>\n\n\n\n<p>8.&nbsp;<strong>Monsieur Yankoba DIEME<\/strong>&nbsp;: Ministre des Infrastructures et des Transports terrestres et a\u00e9riens ;<\/p>\n\n\n\n<p>9.&nbsp;<strong>Monsieur Daouda NGOM<\/strong>&nbsp;: Ministre de l\u2019Environnement et de la Transition \u00c9cologique ;<\/p>\n\n\n\n<p>10.&nbsp;<strong>Monsieur Amadou Moustapha Njekk SARRE&nbsp;<\/strong>: Ministre de la Formation professionnelle et technique, Porte-parole du Gouvernement.<\/p>\n\n\n\n<p>11.&nbsp;<strong>Monsieur Cheikh Tidiane DIEYE<\/strong>&nbsp;: Ministre de l\u2019Hydraulique et de l\u2019Assainissement ;<\/p>\n\n\n\n<p>12.&nbsp;<strong>Monsieur Alioune SALL&nbsp;<\/strong>: Ministre de la Communication, des T\u00e9l\u00e9communications et du Num\u00e9rique ;<\/p>\n\n\n\n<p>13.&nbsp;<strong>Monsieur El Hadj Abdourahmane DIOUF<\/strong>&nbsp;: Ministre de l\u2019Enseignement sup\u00e9rieur, de la Recherche et de l\u2019Innovation ;<\/p>\n\n\n\n<p>14.&nbsp;<strong>Monsieur Serigne Gu\u00e8ye DIOP<\/strong>&nbsp;: Ministre de l\u2019Industrie et du Commerce ;<\/p>\n\n\n\n<p>15. <strong>Madame Fatou DIOUF<\/strong> : Ministre des P\u00eaches, des Infrastructures maritimes et portuaires ;<\/p>\n\n\n\n<p>16.&nbsp;<strong>Madame Ma\u00efmouna DIEYE<\/strong>&nbsp;: Ministre de la Famille et des Solidarit\u00e9s ;<\/p>\n\n\n\n<p>17.<strong>&nbsp;Monsieur Abass FALL<\/strong>&nbsp;: Ministre du Travail, de l\u2019Emploi et des Relations avec les Institutions ;<\/p>\n\n\n\n<p>18.&nbsp;<strong>Monsieur Balla Moussa FOFANA<\/strong>&nbsp;: Ministre de l\u2019Urbanisme, des Collectivit\u00e9s territoriales et de l\u2019Am\u00e9nagement des territoires ;<\/p>\n\n\n\n<p>19.&nbsp;<strong>Monsieur Moustapha Mamba GUIRASSY<\/strong>&nbsp;:&nbsp; Ministre de l\u2019\u00c9ducation nationale ;<\/p>\n\n\n\n<p>20.&nbsp;<strong>Monsieur Ibrahim SY<\/strong>&nbsp;: Ministre de la Sant\u00e9 et de l\u2019Action sociale ;<\/p>\n\n\n\n<p>21.&nbsp;<strong>Monsieur Olivier BOUCAL<\/strong>&nbsp;: Ministre de la Fonction publique et de la R\u00e9forme du Service public ;<\/p>\n\n\n\n<p>22.&nbsp;<strong>Madame Khady Di\u00e8ne GAYE<\/strong>&nbsp;: Ministre de la Jeunesse, des Sports et de la Culture ;<\/p>\n\n\n\n<p>23.<strong>&nbsp;Monsieur Mabouba DIAGNE<\/strong>&nbsp;: Ministre de l\u2019Agriculture, de la Souverainet\u00e9 alimentaire et de l\u2019Elevage ;<\/p>\n\n\n\n<p>24.&nbsp;<strong>Monsieur Alioune DIONE<\/strong>&nbsp;: Ministre de la Microfinance et de l\u2019\u00c9conomie sociale et solidaire ;<\/p>\n\n\n\n<p>25.&nbsp;<strong>Monsieur Mountaga DIAO<\/strong>&nbsp;: Ministre du Tourisme et de l\u2019Artisanat.<\/p>\n\n\n\n<p>26.&nbsp;<strong>Monsieur Amadou Ch\u00e9rif DIOUF<\/strong>&nbsp;: Secr\u00e9taire d\u2019\u00c9tat aupr\u00e8s du Ministre de l\u2019Int\u00e9gration africaine et des Affaires \u00e9trang\u00e8res, charg\u00e9 des S\u00e9n\u00e9galais de l\u2019Ext\u00e9rieur ;<\/p>\n\n\n\n<p>27.&nbsp;<strong>Monsieur Ibrahima THIAM<\/strong>&nbsp;: Secr\u00e9taire d\u2019\u00c9tat aupr\u00e8s du Ministre de l\u2019Industrie et du Commerce, charg\u00e9 du D\u00e9veloppement des Petites et moyennes industries ;<\/p>\n\n\n\n<p>28.&nbsp;<strong>Monsieur Momath Talla NDAO<\/strong>&nbsp;: Secr\u00e9taire d\u2019Etat aupr\u00e8s du Ministre de l\u2019Urbanisme, des Collectivit\u00e9s territoriales et de l\u2019Am\u00e9nagement des territoires, charg\u00e9 de l\u2019Urbanisme et du Logement ;<\/p>\n\n\n\n<p>29.&nbsp;<strong>Monsieur Alpha BA<\/strong>&nbsp;: Secr\u00e9taire d\u2019Etat aupr\u00e8s du Ministre de l\u2019Agriculture, de la Souverainet\u00e9 alimentaire et de l\u2019Elevage, charg\u00e9 des Coop\u00e9ratives et de l\u2019Encadrement paysan ;<\/p>\n\n\n\n<p>30.&nbsp;<strong>Monsieur Bacary SARR<\/strong>&nbsp;: Secr\u00e9taire d\u2019Etat aupr\u00e8s du Ministre de la Jeunesse, des Sports et de la Culture, charg\u00e9 de la Culture, des Industries cr\u00e9atives et du Patrimoine historique.<\/p>\n\n\n\n<p><\/p>\n\n\n\n<p><em>Ces ministres ont \u00e9t\u00e9 nommes par d\u00e9cret nr- 2024 &#8211; 3326 du 02 d\u00e9cembre 2024.<\/em><\/p>","protected":false},"excerpt":{"rendered":"<p>Composition du gouvernement du Senegal<br \/>\n&#8212; Liste compl\u00e8te des membres  du gouvernement<\/p>","protected":false},"author":1,"featured_media":1193,"comment_status":"closed","ping_status":"open","sticky":false,"template":"","format":"standard","meta":{"footnotes":""},"categories":[10],"tags":[12,16],"class_list":["post-1190","post","type-post","status-publish","format-standard","has-post-thumbnail","hentry","category-diplomatie","tag-diapora-senegal","tag-investir-au-senegal"],"blocksy_meta":[],"yoast_head":"<!-- This site is optimized with the Yoast SEO plugin v27.5 - https:\/\/yoast.com\/product\/yoast-seo-wordpress\/ -->\n<title>Composition du gouvernement du Senegal - Ambassade du S&eacute;n&eacute;gal en Allemagne<\/title>\n<meta name=\"description\" content=\"Communiqu\u00e9 - Publication de l&#039;Ambassade - Informations pour les usagers --- Pressemitteilung - Ver\u00f6ffentlichung der Botschaft - Informationen f\u00fcr Benutzer --- Press release - Embassy publication - News\" \/>\n<meta name=\"robots\" content=\"index, follow, max-snippet:-1, max-image-preview:large, max-video-preview:-1\" \/>\n<link rel=\"canonical\" href=\"https:\/\/botschaft-senegal.de\/de\/2024\/12\/composition-du-gouvernement-du-senegal\/\" \/>\n<meta property=\"og:locale\" content=\"de_DE\" \/>\n<meta property=\"og:type\" content=\"article\" \/>\n<meta property=\"og:title\" content=\"Composition du gouvernement du Senegal - Ambassade du S&eacute;n&eacute;gal en Allemagne\" \/>\n<meta property=\"og:description\" content=\"Communiqu\u00e9 - Publication de l&#039;Ambassade - Informations pour les usagers --- Pressemitteilung - Ver\u00f6ffentlichung der Botschaft - Informationen f\u00fcr Benutzer --- Press release - Embassy publication - News\" \/>\n<meta property=\"og:url\" content=\"https:\/\/botschaft-senegal.de\/de\/2024\/12\/composition-du-gouvernement-du-senegal\/\" \/>\n<meta property=\"og:site_name\" content=\"Ambassade du S&eacute;n&eacute;gal en Allemagne\" \/>\n<meta property=\"article:published_time\" content=\"2024-12-06T15:15:48+00:00\" \/>\n<meta property=\"article:modified_time\" content=\"2024-12-06T15:51:33+00:00\" \/>\n<meta property=\"og:image\" content=\"https:\/\/botschaft-senegal.de\/wp-content\/uploads\/2024\/12\/Gouv-SNjpg.jpg\" \/>\n\t<meta property=\"og:image:width\" content=\"275\" \/>\n\t<meta property=\"og:image:height\" content=\"183\" \/>\n\t<meta property=\"og:image:type\" content=\"image\/jpeg\" \/>\n<meta name=\"author\" content=\"Ambassade S\u00e9n\u00e9gal Berlin\" \/>\n<meta name=\"twitter:card\" content=\"summary_large_image\" \/>\n<meta name=\"twitter:label1\" content=\"Verfasst von\" \/>\n\t<meta name=\"twitter:data1\" content=\"Ambassade S\u00e9n\u00e9gal Berlin\" \/>\n\t<meta name=\"twitter:label2\" content=\"Gesch\u00e4tzte Lesezeit\" \/>\n\t<meta name=\"twitter:data2\" content=\"3 Minuten\" \/>\n<script type=\"application\/ld+json\" class=\"yoast-schema-graph\">{\"@context\":\"https:\\\/\\\/schema.org\",\"@graph\":[{\"@type\":\"Article\",\"@id\":\"https:\\\/\\\/botschaft-senegal.de\\\/2024\\\/12\\\/composition-du-gouvernement-du-senegal\\\/#article\",\"isPartOf\":{\"@id\":\"https:\\\/\\\/botschaft-senegal.de\\\/2024\\\/12\\\/composition-du-gouvernement-du-senegal\\\/\"},\"author\":{\"name\":\"Ambassade S\u00e9n\u00e9gal Berlin\",\"@id\":\"https:\\\/\\\/botschaft-senega-r4b19ptaoc.live-website.com\\\/#\\\/schema\\\/person\\\/3ae625ae9c06b3cef51cf6fb1f2d3be3\"},\"headline\":\"Composition du gouvernement du Senegal\",\"datePublished\":\"2024-12-06T15:15:48+00:00\",\"dateModified\":\"2024-12-06T15:51:33+00:00\",\"mainEntityOfPage\":{\"@id\":\"https:\\\/\\\/botschaft-senegal.de\\\/2024\\\/12\\\/composition-du-gouvernement-du-senegal\\\/\"},\"wordCount\":584,\"publisher\":{\"@id\":\"https:\\\/\\\/botschaft-senega-r4b19ptaoc.live-website.com\\\/#organization\"},\"image\":{\"@id\":\"https:\\\/\\\/botschaft-senegal.de\\\/2024\\\/12\\\/composition-du-gouvernement-du-senegal\\\/#primaryimage\"},\"thumbnailUrl\":\"https:\\\/\\\/botschaft-senegal.de\\\/wp-content\\\/uploads\\\/2024\\\/12\\\/Gouv-SNjpg.jpg\",\"keywords\":[\"diapora senegal\",\"investir au senegal\"],\"articleSection\":[\"Diplomatie\"],\"inLanguage\":\"de\"},{\"@type\":\"WebPage\",\"@id\":\"https:\\\/\\\/botschaft-senegal.de\\\/2024\\\/12\\\/composition-du-gouvernement-du-senegal\\\/\",\"url\":\"https:\\\/\\\/botschaft-senegal.de\\\/2024\\\/12\\\/composition-du-gouvernement-du-senegal\\\/\",\"name\":\"Composition du gouvernement du Senegal - Ambassade du S&eacute;n&eacute;gal en Allemagne\",\"isPartOf\":{\"@id\":\"https:\\\/\\\/botschaft-senega-r4b19ptaoc.live-website.com\\\/#website\"},\"primaryImageOfPage\":{\"@id\":\"https:\\\/\\\/botschaft-senegal.de\\\/2024\\\/12\\\/composition-du-gouvernement-du-senegal\\\/#primaryimage\"},\"image\":{\"@id\":\"https:\\\/\\\/botschaft-senegal.de\\\/2024\\\/12\\\/composition-du-gouvernement-du-senegal\\\/#primaryimage\"},\"thumbnailUrl\":\"https:\\\/\\\/botschaft-senegal.de\\\/wp-content\\\/uploads\\\/2024\\\/12\\\/Gouv-SNjpg.jpg\",\"datePublished\":\"2024-12-06T15:15:48+00:00\",\"dateModified\":\"2024-12-06T15:51:33+00:00\",\"description\":\"Communiqu\u00e9 - Publication de l'Ambassade - Informations pour les usagers --- Pressemitteilung - Ver\u00f6ffentlichung der Botschaft - Informationen f\u00fcr Benutzer --- Press release - Embassy publication - News\",\"breadcrumb\":{\"@id\":\"https:\\\/\\\/botschaft-senegal.de\\\/2024\\\/12\\\/composition-du-gouvernement-du-senegal\\\/#breadcrumb\"},\"inLanguage\":\"de\",\"potentialAction\":[{\"@type\":\"ReadAction\",\"target\":[\"https:\\\/\\\/botschaft-senegal.de\\\/2024\\\/12\\\/composition-du-gouvernement-du-senegal\\\/\"]}]},{\"@type\":\"ImageObject\",\"inLanguage\":\"de\",\"@id\":\"https:\\\/\\\/botschaft-senegal.de\\\/2024\\\/12\\\/composition-du-gouvernement-du-senegal\\\/#primaryimage\",\"url\":\"https:\\\/\\\/botschaft-senegal.de\\\/wp-content\\\/uploads\\\/2024\\\/12\\\/Gouv-SNjpg.jpg\",\"contentUrl\":\"https:\\\/\\\/botschaft-senegal.de\\\/wp-content\\\/uploads\\\/2024\\\/12\\\/Gouv-SNjpg.jpg\",\"width\":275,\"height\":183,\"caption\":\"Gouvernement du Senegal\"},{\"@type\":\"BreadcrumbList\",\"@id\":\"https:\\\/\\\/botschaft-senegal.de\\\/2024\\\/12\\\/composition-du-gouvernement-du-senegal\\\/#breadcrumb\",\"itemListElement\":[{\"@type\":\"ListItem\",\"position\":1,\"name\":\"Accueil\",\"item\":\"https:\\\/\\\/botschaft-senegal.de\\\/\"},{\"@type\":\"ListItem\",\"position\":2,\"name\":\"Composition du gouvernement du Senegal\"}]},{\"@type\":\"WebSite\",\"@id\":\"https:\\\/\\\/botschaft-senega-r4b19ptaoc.live-website.com\\\/#website\",\"url\":\"https:\\\/\\\/botschaft-senega-r4b19ptaoc.live-website.com\\\/\",\"name\":\"Ambassade du S\u00e9n\u00e9gal \u00e0 Berlin\",\"description\":\"Ambassade du S&eacute;n&eacute;gal &agrave; Berlin\",\"publisher\":{\"@id\":\"https:\\\/\\\/botschaft-senega-r4b19ptaoc.live-website.com\\\/#organization\"},\"alternateName\":\"Botschaft Senegal\",\"potentialAction\":[{\"@type\":\"SearchAction\",\"target\":{\"@type\":\"EntryPoint\",\"urlTemplate\":\"https:\\\/\\\/botschaft-senega-r4b19ptaoc.live-website.com\\\/?s={search_term_string}\"},\"query-input\":{\"@type\":\"PropertyValueSpecification\",\"valueRequired\":true,\"valueName\":\"search_term_string\"}}],\"inLanguage\":\"de\"},{\"@type\":\"Organization\",\"@id\":\"https:\\\/\\\/botschaft-senega-r4b19ptaoc.live-website.com\\\/#organization\",\"name\":\"Ambassade du S\u00e9n\u00e9gal \u00e0 Berlin - Botschaft Senegal\",\"alternateName\":\"Botschaft senegal\",\"url\":\"https:\\\/\\\/botschaft-senega-r4b19ptaoc.live-website.com\\\/\",\"logo\":{\"@type\":\"ImageObject\",\"inLanguage\":\"de\",\"@id\":\"https:\\\/\\\/botschaft-senega-r4b19ptaoc.live-website.com\\\/#\\\/schema\\\/logo\\\/image\\\/\",\"url\":\"https:\\\/\\\/botschaft-senegal.de\\\/wp-content\\\/uploads\\\/2023\\\/07\\\/logo.svg.png\",\"contentUrl\":\"https:\\\/\\\/botschaft-senegal.de\\\/wp-content\\\/uploads\\\/2023\\\/07\\\/logo.svg.png\",\"width\":200,\"height\":237,\"caption\":\"Ambassade du S\u00e9n\u00e9gal \u00e0 Berlin - Botschaft Senegal\"},\"image\":{\"@id\":\"https:\\\/\\\/botschaft-senega-r4b19ptaoc.live-website.com\\\/#\\\/schema\\\/logo\\\/image\\\/\"}},{\"@type\":\"Person\",\"@id\":\"https:\\\/\\\/botschaft-senega-r4b19ptaoc.live-website.com\\\/#\\\/schema\\\/person\\\/3ae625ae9c06b3cef51cf6fb1f2d3be3\",\"name\":\"Ambassade S\u00e9n\u00e9gal Berlin\",\"image\":{\"@type\":\"ImageObject\",\"inLanguage\":\"de\",\"@id\":\"https:\\\/\\\/secure.gravatar.com\\\/avatar\\\/08e11eac2e954afcbc74ce3c7d208281fe059afdd76b3c81f44dbb2929deb38b?s=96&d=mm&r=g\",\"url\":\"https:\\\/\\\/secure.gravatar.com\\\/avatar\\\/08e11eac2e954afcbc74ce3c7d208281fe059afdd76b3c81f44dbb2929deb38b?s=96&d=mm&r=g\",\"contentUrl\":\"https:\\\/\\\/secure.gravatar.com\\\/avatar\\\/08e11eac2e954afcbc74ce3c7d208281fe059afdd76b3c81f44dbb2929deb38b?s=96&d=mm&r=g\",\"caption\":\"Ambassade S\u00e9n\u00e9gal Berlin\"},\"sameAs\":[\"https:\\\/\\\/botschaft-senegal.de\"],\"url\":\"https:\\\/\\\/botschaft-senegal.de\\\/de\\\/author\\\/admin\\\/\"}]}<\/script>\n<!-- \/ Yoast SEO plugin. -->","yoast_head_json":{"title":"Composition du gouvernement du Senegal - Ambassade du S&eacute;n&eacute;gal en Allemagne","description":"Communiqu\u00e9 - Publication de l'Ambassade - Informations pour les usagers --- Pressemitteilung - Ver\u00f6ffentlichung der Botschaft - Informationen f\u00fcr Benutzer --- Press release - Embassy publication - News","robots":{"index":"index","follow":"follow","max-snippet":"max-snippet:-1","max-image-preview":"max-image-preview:large","max-video-preview":"max-video-preview:-1"},"canonical":"https:\/\/botschaft-senegal.de\/de\/2024\/12\/composition-du-gouvernement-du-senegal\/","og_locale":"de_DE","og_type":"article","og_title":"Composition du gouvernement du Senegal - Ambassade du S&eacute;n&eacute;gal en Allemagne","og_description":"Communiqu\u00e9 - Publication de l'Ambassade - Informations pour les usagers --- Pressemitteilung - Ver\u00f6ffentlichung der Botschaft - Informationen f\u00fcr Benutzer --- Press release - Embassy publication - News","og_url":"https:\/\/botschaft-senegal.de\/de\/2024\/12\/composition-du-gouvernement-du-senegal\/","og_site_name":"Ambassade du S&eacute;n&eacute;gal en Allemagne","article_published_time":"2024-12-06T15:15:48+00:00","article_modified_time":"2024-12-06T15:51:33+00:00","og_image":[{"width":275,"height":183,"url":"https:\/\/botschaft-senegal.de\/wp-content\/uploads\/2024\/12\/Gouv-SNjpg.jpg","type":"image\/jpeg"}],"author":"Ambassade S\u00e9n\u00e9gal Berlin","twitter_card":"summary_large_image","twitter_misc":{"Verfasst von":"Ambassade S\u00e9n\u00e9gal Berlin","Gesch\u00e4tzte Lesezeit":"3 Minuten"},"schema":{"@context":"https:\/\/schema.org","@graph":[{"@type":"Article","@id":"https:\/\/botschaft-senegal.de\/2024\/12\/composition-du-gouvernement-du-senegal\/#article","isPartOf":{"@id":"https:\/\/botschaft-senegal.de\/2024\/12\/composition-du-gouvernement-du-senegal\/"},"author":{"name":"Ambassade S\u00e9n\u00e9gal Berlin","@id":"https:\/\/botschaft-senega-r4b19ptaoc.live-website.com\/#\/schema\/person\/3ae625ae9c06b3cef51cf6fb1f2d3be3"},"headline":"Composition du gouvernement du Senegal","datePublished":"2024-12-06T15:15:48+00:00","dateModified":"2024-12-06T15:51:33+00:00","mainEntityOfPage":{"@id":"https:\/\/botschaft-senegal.de\/2024\/12\/composition-du-gouvernement-du-senegal\/"},"wordCount":584,"publisher":{"@id":"https:\/\/botschaft-senega-r4b19ptaoc.live-website.com\/#organization"},"image":{"@id":"https:\/\/botschaft-senegal.de\/2024\/12\/composition-du-gouvernement-du-senegal\/#primaryimage"},"thumbnailUrl":"https:\/\/botschaft-senegal.de\/wp-content\/uploads\/2024\/12\/Gouv-SNjpg.jpg","keywords":["diapora senegal","investir au senegal"],"articleSection":["Diplomatie"],"inLanguage":"de"},{"@type":"WebPage","@id":"https:\/\/botschaft-senegal.de\/2024\/12\/composition-du-gouvernement-du-senegal\/","url":"https:\/\/botschaft-senegal.de\/2024\/12\/composition-du-gouvernement-du-senegal\/","name":"Composition du gouvernement du Senegal - Ambassade du S&eacute;n&eacute;gal en Allemagne","isPartOf":{"@id":"https:\/\/botschaft-senega-r4b19ptaoc.live-website.com\/#website"},"primaryImageOfPage":{"@id":"https:\/\/botschaft-senegal.de\/2024\/12\/composition-du-gouvernement-du-senegal\/#primaryimage"},"image":{"@id":"https:\/\/botschaft-senegal.de\/2024\/12\/composition-du-gouvernement-du-senegal\/#primaryimage"},"thumbnailUrl":"https:\/\/botschaft-senegal.de\/wp-content\/uploads\/2024\/12\/Gouv-SNjpg.jpg","datePublished":"2024-12-06T15:15:48+00:00","dateModified":"2024-12-06T15:51:33+00:00","description":"Communiqu\u00e9 - Publication de l'Ambassade - Informations pour les usagers --- Pressemitteilung - Ver\u00f6ffentlichung der Botschaft - Informationen f\u00fcr Benutzer --- Press release - Embassy publication - News","breadcrumb":{"@id":"https:\/\/botschaft-senegal.de\/2024\/12\/composition-du-gouvernement-du-senegal\/#breadcrumb"},"inLanguage":"de","potentialAction":[{"@type":"ReadAction","target":["https:\/\/botschaft-senegal.de\/2024\/12\/composition-du-gouvernement-du-senegal\/"]}]},{"@type":"ImageObject","inLanguage":"de","@id":"https:\/\/botschaft-senegal.de\/2024\/12\/composition-du-gouvernement-du-senegal\/#primaryimage","url":"https:\/\/botschaft-senegal.de\/wp-content\/uploads\/2024\/12\/Gouv-SNjpg.jpg","contentUrl":"https:\/\/botschaft-senegal.de\/wp-content\/uploads\/2024\/12\/Gouv-SNjpg.jpg","width":275,"height":183,"caption":"Gouvernement du Senegal"},{"@type":"BreadcrumbList","@id":"https:\/\/botschaft-senegal.de\/2024\/12\/composition-du-gouvernement-du-senegal\/#breadcrumb","itemListElement":[{"@type":"ListItem","position":1,"name":"Accueil","item":"https:\/\/botschaft-senegal.de\/"},{"@type":"ListItem","position":2,"name":"Composition du gouvernement du Senegal"}]},{"@type":"WebSite","@id":"https:\/\/botschaft-senega-r4b19ptaoc.live-website.com\/#website","url":"https:\/\/botschaft-senega-r4b19ptaoc.live-website.com\/","name":"Ambassade du S\u00e9n\u00e9gal \u00e0 Berlin","description":"Ambassade du S&eacute;n&eacute;gal &agrave; Berlin","publisher":{"@id":"https:\/\/botschaft-senega-r4b19ptaoc.live-website.com\/#organization"},"alternateName":"Botschaft Senegal","potentialAction":[{"@type":"SearchAction","target":{"@type":"EntryPoint","urlTemplate":"https:\/\/botschaft-senega-r4b19ptaoc.live-website.com\/?s={search_term_string}"},"query-input":{"@type":"PropertyValueSpecification","valueRequired":true,"valueName":"search_term_string"}}],"inLanguage":"de"},{"@type":"Organization","@id":"https:\/\/botschaft-senega-r4b19ptaoc.live-website.com\/#organization","name":"Ambassade du S\u00e9n\u00e9gal \u00e0 Berlin - Botschaft Senegal","alternateName":"Botschaft senegal","url":"https:\/\/botschaft-senega-r4b19ptaoc.live-website.com\/","logo":{"@type":"ImageObject","inLanguage":"de","@id":"https:\/\/botschaft-senega-r4b19ptaoc.live-website.com\/#\/schema\/logo\/image\/","url":"https:\/\/botschaft-senegal.de\/wp-content\/uploads\/2023\/07\/logo.svg.png","contentUrl":"https:\/\/botschaft-senegal.de\/wp-content\/uploads\/2023\/07\/logo.svg.png","width":200,"height":237,"caption":"Ambassade du S\u00e9n\u00e9gal \u00e0 Berlin - Botschaft Senegal"},"image":{"@id":"https:\/\/botschaft-senega-r4b19ptaoc.live-website.com\/#\/schema\/logo\/image\/"}},{"@type":"Person","@id":"https:\/\/botschaft-senega-r4b19ptaoc.live-website.com\/#\/schema\/person\/3ae625ae9c06b3cef51cf6fb1f2d3be3","name":"Senegalesische Botschaft Berlin","image":{"@type":"ImageObject","inLanguage":"de","@id":"https:\/\/secure.gravatar.com\/avatar\/08e11eac2e954afcbc74ce3c7d208281fe059afdd76b3c81f44dbb2929deb38b?s=96&d=mm&r=g","url":"https:\/\/secure.gravatar.com\/avatar\/08e11eac2e954afcbc74ce3c7d208281fe059afdd76b3c81f44dbb2929deb38b?s=96&d=mm&r=g","contentUrl":"https:\/\/secure.gravatar.com\/avatar\/08e11eac2e954afcbc74ce3c7d208281fe059afdd76b3c81f44dbb2929deb38b?s=96&d=mm&r=g","caption":"Ambassade S\u00e9n\u00e9gal Berlin"},"sameAs":["https:\/\/botschaft-senegal.de"],"url":"https:\/\/botschaft-senegal.de\/de\/author\/admin\/"}]}},"_links":{"self":[{"href":"https:\/\/botschaft-senegal.de\/de\/wp-json\/wp\/v2\/posts\/1190","targetHints":{"allow":["GET"]}}],"collection":[{"href":"https:\/\/botschaft-senegal.de\/de\/wp-json\/wp\/v2\/posts"}],"about":[{"href":"https:\/\/botschaft-senegal.de\/de\/wp-json\/wp\/v2\/types\/post"}],"author":[{"embeddable":true,"href":"https:\/\/botschaft-senegal.de\/de\/wp-json\/wp\/v2\/users\/1"}],"replies":[{"embeddable":true,"href":"https:\/\/botschaft-senegal.de\/de\/wp-json\/wp\/v2\/comments?post=1190"}],"version-history":[{"count":3,"href":"https:\/\/botschaft-senegal.de\/de\/wp-json\/wp\/v2\/posts\/1190\/revisions"}],"predecessor-version":[{"id":1195,"href":"https:\/\/botschaft-senegal.de\/de\/wp-json\/wp\/v2\/posts\/1190\/revisions\/1195"}],"wp:featuredmedia":[{"embeddable":true,"href":"https:\/\/botschaft-senegal.de\/de\/wp-json\/wp\/v2\/media\/1193"}],"wp:attachment":[{"href":"https:\/\/botschaft-senegal.de\/de\/wp-json\/wp\/v2\/media?parent=1190"}],"wp:term":[{"taxonomy":"category","embeddable":true,"href":"https:\/\/botschaft-senegal.de\/de\/wp-json\/wp\/v2\/categories?post=1190"},{"taxonomy":"post_tag","embeddable":true,"href":"https:\/\/botschaft-senegal.de\/de\/wp-json\/wp\/v2\/tags?post=1190"}],"curies":[{"name":"wp","href":"https:\/\/api.w.org\/{rel}","templated":true}]}}