{"id":1197,"date":"2024-12-06T17:33:18","date_gmt":"2024-12-06T16:33:18","guid":{"rendered":"https:\/\/botschaft-senegal.de\/?p=1197"},"modified":"2024-12-06T18:34:09","modified_gmt":"2024-12-06T17:34:09","slug":"acquisition-daccelerateurs-lineaires-linacs-pour-le-traitement-du-cancer-au-senegal","status":"publish","type":"post","link":"https:\/\/botschaft-senegal.de\/de\/2024\/12\/acquisition-daccelerateurs-lineaires-linacs-pour-le-traitement-du-cancer-au-senegal\/","title":{"rendered":"Acquisition d&rsquo;acc\u00e9l\u00e9rateurs lin\u00e9aires (LINACS) pour le traitement du cancer au Senegal"},"content":{"rendered":"<p>L&rsquo;Ambassade de la R\u00e9publique du S\u00e9n\u00e9gal en Allemagne, Repr\u00e9sentation permanente aupr\u00e8s de l&rsquo;Agence Internationale de l&rsquo;Energie Atomique (AIEA), se r\u00e9jouit de l&rsquo;acquisition, par le S\u00e9n\u00e9gal, de nouveaux acc\u00e9l\u00e9rateurs lin\u00e9aires (Linacs) pour le traitement du cancer, dans le cadre de la coop\u00e9ration technique avec l&rsquo;AIEA.<\/p>\n\n\n\n<p>Lanc\u00e9e lors de la Conf\u00e9rence minist\u00e9rielle de l&rsquo;AIEA sur la science, la technologie et les applications nucl\u00e9aires et du Programme de coop\u00e9ration technique, la vid\u00e9o ci-dessous met en \u00e9vidence le potentiel des acc\u00e9l\u00e9rateurs lin\u00e9aires pour \u00e9liminer les probl\u00e8mes de s\u00e9curit\u00e9 radiologique et fournir des soins efficaces et efficients aux patients. Elle a \u00e9t\u00e9 d\u00e9velopp\u00e9e avec le Pacific Northwest National Laboratory et la National Nuclear Security Administration des \u00c9tats-Unis et met en lumi\u00e8re l&rsquo;exp\u00e9rience du Centre hospitalier national Cheikh Ahmadoul Khadim (Touba), de l&rsquo;h\u00f4pital Dalal Jamm (Dakar) et de Carrefour Medical.<\/p>\n\n\n\n<figure class=\"wp-block-video\"><video height=\"336\" style=\"aspect-ratio: 640 \/ 336;\" width=\"640\" controls src=\"https:\/\/botschaft-senegal.de\/wp-content\/uploads\/2024\/12\/WINS-LINACS-Senegal.mp4\"><\/video><\/figure>\n\n\n\n<p>Cr\u00e9dits: Word Institut for Nuclear Security (WINS)<\/p>\n\n\n\n<p><\/p>","protected":false},"excerpt":{"rendered":"<p>Le Senegal a re\u00e7u des acc\u00e9l\u00e9rateurs de particules pour le traitement du cancer dans le cadre de la coop\u00e9ration technique avec l&rsquo;AIEA<\/p>","protected":false},"author":2,"featured_media":1204,"comment_status":"closed","ping_status":"open","sticky":false,"template":"","format":"standard","meta":{"footnotes":""},"categories":[4,10],"tags":[24,26,25],"class_list":["post-1197","post","type-post","status-publish","format-standard","has-post-thumbnail","hentry","category-communique","category-diplomatie","tag-aiea","tag-ambassade","tag-cooperation-multilaterale"],"blocksy_meta":[],"yoast_head":"<!-- This site is optimized with the Yoast SEO plugin v27.5 - https:\/\/yoast.com\/product\/yoast-seo-wordpress\/ -->\n<title>Acquisition d&#039;acc\u00e9l\u00e9rateurs lin\u00e9aires (LINACS) pour le traitement du cancer au Senegal - Ambassade du S&eacute;n&eacute;gal en Allemagne<\/title>\n<meta name=\"description\" content=\"Communiqu\u00e9 - Publication de l&#039;Ambassade - Informations pour les usagers --- Pressemitteilung - Ver\u00f6ffentlichung der Botschaft - Informationen f\u00fcr Benutzer --- Press release - Embassy publication - News\" \/>\n<meta name=\"robots\" content=\"index, follow, max-snippet:-1, max-image-preview:large, max-video-preview:-1\" \/>\n<link rel=\"canonical\" href=\"https:\/\/botschaft-senegal.de\/de\/2024\/12\/acquisition-daccelerateurs-lineaires-linacs-pour-le-traitement-du-cancer-au-senegal\/\" \/>\n<meta property=\"og:locale\" content=\"de_DE\" \/>\n<meta property=\"og:type\" content=\"article\" \/>\n<meta property=\"og:title\" content=\"Acquisition d&#039;acc\u00e9l\u00e9rateurs lin\u00e9aires (LINACS) pour le traitement du cancer au Senegal - Ambassade du S&eacute;n&eacute;gal en Allemagne\" \/>\n<meta property=\"og:description\" content=\"Communiqu\u00e9 - Publication de l&#039;Ambassade - Informations pour les usagers --- Pressemitteilung - Ver\u00f6ffentlichung der Botschaft - Informationen f\u00fcr Benutzer --- Press release - Embassy publication - News\" \/>\n<meta property=\"og:url\" content=\"https:\/\/botschaft-senegal.de\/de\/2024\/12\/acquisition-daccelerateurs-lineaires-linacs-pour-le-traitement-du-cancer-au-senegal\/\" \/>\n<meta property=\"og:site_name\" content=\"Ambassade du S&eacute;n&eacute;gal en Allemagne\" \/>\n<meta property=\"article:published_time\" content=\"2024-12-06T16:33:18+00:00\" \/>\n<meta property=\"article:modified_time\" content=\"2024-12-06T17:34:09+00:00\" \/>\n<meta property=\"og:image\" content=\"https:\/\/botschaft-senegal.de\/wp-content\/uploads\/2024\/12\/Linacs-still-1300x898-1.png\" \/>\n\t<meta property=\"og:image:width\" content=\"1300\" \/>\n\t<meta property=\"og:image:height\" content=\"898\" \/>\n\t<meta property=\"og:image:type\" content=\"image\/png\" \/>\n<meta name=\"author\" content=\"Website Manager\" \/>\n<meta name=\"twitter:card\" content=\"summary_large_image\" \/>\n<meta name=\"twitter:label1\" content=\"Verfasst von\" \/>\n\t<meta name=\"twitter:data1\" content=\"Website Manager\" \/>\n\t<meta name=\"twitter:label2\" content=\"Gesch\u00e4tzte Lesezeit\" \/>\n\t<meta name=\"twitter:data2\" content=\"1 Minute\" \/>\n<script type=\"application\/ld+json\" class=\"yoast-schema-graph\">{\"@context\":\"https:\\\/\\\/schema.org\",\"@graph\":[{\"@type\":\"Article\",\"@id\":\"https:\\\/\\\/botschaft-senegal.de\\\/2024\\\/12\\\/acquisition-daccelerateurs-lineaires-linacs-pour-le-traitement-du-cancer-au-senegal\\\/#article\",\"isPartOf\":{\"@id\":\"https:\\\/\\\/botschaft-senegal.de\\\/2024\\\/12\\\/acquisition-daccelerateurs-lineaires-linacs-pour-le-traitement-du-cancer-au-senegal\\\/\"},\"author\":{\"name\":\"Website Manager\",\"@id\":\"https:\\\/\\\/botschaft-senega-r4b19ptaoc.live-website.com\\\/#\\\/schema\\\/person\\\/2d5805967152c960961d15edfebf4914\"},\"headline\":\"Acquisition d&rsquo;acc\u00e9l\u00e9rateurs lin\u00e9aires (LINACS) pour le traitement du cancer au Senegal\",\"datePublished\":\"2024-12-06T16:33:18+00:00\",\"dateModified\":\"2024-12-06T17:34:09+00:00\",\"mainEntityOfPage\":{\"@id\":\"https:\\\/\\\/botschaft-senegal.de\\\/2024\\\/12\\\/acquisition-daccelerateurs-lineaires-linacs-pour-le-traitement-du-cancer-au-senegal\\\/\"},\"wordCount\":184,\"publisher\":{\"@id\":\"https:\\\/\\\/botschaft-senega-r4b19ptaoc.live-website.com\\\/#organization\"},\"image\":{\"@id\":\"https:\\\/\\\/botschaft-senegal.de\\\/2024\\\/12\\\/acquisition-daccelerateurs-lineaires-linacs-pour-le-traitement-du-cancer-au-senegal\\\/#primaryimage\"},\"thumbnailUrl\":\"https:\\\/\\\/botschaft-senegal.de\\\/wp-content\\\/uploads\\\/2024\\\/12\\\/Linacs-still-1300x898-1.png\",\"keywords\":[\"AIEA\",\"Ambassade\",\"Coop\u00e9ration multilat\u00e9rale\"],\"articleSection\":[\"Communiqu\u00e9\",\"Diplomatie\"],\"inLanguage\":\"de\"},{\"@type\":\"WebPage\",\"@id\":\"https:\\\/\\\/botschaft-senegal.de\\\/2024\\\/12\\\/acquisition-daccelerateurs-lineaires-linacs-pour-le-traitement-du-cancer-au-senegal\\\/\",\"url\":\"https:\\\/\\\/botschaft-senegal.de\\\/2024\\\/12\\\/acquisition-daccelerateurs-lineaires-linacs-pour-le-traitement-du-cancer-au-senegal\\\/\",\"name\":\"Acquisition d'acc\u00e9l\u00e9rateurs lin\u00e9aires (LINACS) pour le traitement du cancer au Senegal - Ambassade du S&eacute;n&eacute;gal en Allemagne\",\"isPartOf\":{\"@id\":\"https:\\\/\\\/botschaft-senega-r4b19ptaoc.live-website.com\\\/#website\"},\"primaryImageOfPage\":{\"@id\":\"https:\\\/\\\/botschaft-senegal.de\\\/2024\\\/12\\\/acquisition-daccelerateurs-lineaires-linacs-pour-le-traitement-du-cancer-au-senegal\\\/#primaryimage\"},\"image\":{\"@id\":\"https:\\\/\\\/botschaft-senegal.de\\\/2024\\\/12\\\/acquisition-daccelerateurs-lineaires-linacs-pour-le-traitement-du-cancer-au-senegal\\\/#primaryimage\"},\"thumbnailUrl\":\"https:\\\/\\\/botschaft-senegal.de\\\/wp-content\\\/uploads\\\/2024\\\/12\\\/Linacs-still-1300x898-1.png\",\"datePublished\":\"2024-12-06T16:33:18+00:00\",\"dateModified\":\"2024-12-06T17:34:09+00:00\",\"description\":\"Communiqu\u00e9 - Publication de l'Ambassade - Informations pour les usagers --- Pressemitteilung - Ver\u00f6ffentlichung der Botschaft - Informationen f\u00fcr Benutzer --- Press release - Embassy publication - News\",\"breadcrumb\":{\"@id\":\"https:\\\/\\\/botschaft-senegal.de\\\/2024\\\/12\\\/acquisition-daccelerateurs-lineaires-linacs-pour-le-traitement-du-cancer-au-senegal\\\/#breadcrumb\"},\"inLanguage\":\"de\",\"potentialAction\":[{\"@type\":\"ReadAction\",\"target\":[\"https:\\\/\\\/botschaft-senegal.de\\\/2024\\\/12\\\/acquisition-daccelerateurs-lineaires-linacs-pour-le-traitement-du-cancer-au-senegal\\\/\"]}]},{\"@type\":\"ImageObject\",\"inLanguage\":\"de\",\"@id\":\"https:\\\/\\\/botschaft-senegal.de\\\/2024\\\/12\\\/acquisition-daccelerateurs-lineaires-linacs-pour-le-traitement-du-cancer-au-senegal\\\/#primaryimage\",\"url\":\"https:\\\/\\\/botschaft-senegal.de\\\/wp-content\\\/uploads\\\/2024\\\/12\\\/Linacs-still-1300x898-1.png\",\"contentUrl\":\"https:\\\/\\\/botschaft-senegal.de\\\/wp-content\\\/uploads\\\/2024\\\/12\\\/Linacs-still-1300x898-1.png\",\"width\":1300,\"height\":898},{\"@type\":\"BreadcrumbList\",\"@id\":\"https:\\\/\\\/botschaft-senegal.de\\\/2024\\\/12\\\/acquisition-daccelerateurs-lineaires-linacs-pour-le-traitement-du-cancer-au-senegal\\\/#breadcrumb\",\"itemListElement\":[{\"@type\":\"ListItem\",\"position\":1,\"name\":\"Accueil\",\"item\":\"https:\\\/\\\/botschaft-senegal.de\\\/\"},{\"@type\":\"ListItem\",\"position\":2,\"name\":\"Acquisition d&rsquo;acc\u00e9l\u00e9rateurs lin\u00e9aires (LINACS) pour le traitement du cancer au Senegal\"}]},{\"@type\":\"WebSite\",\"@id\":\"https:\\\/\\\/botschaft-senega-r4b19ptaoc.live-website.com\\\/#website\",\"url\":\"https:\\\/\\\/botschaft-senega-r4b19ptaoc.live-website.com\\\/\",\"name\":\"Ambassade du S\u00e9n\u00e9gal \u00e0 Berlin\",\"description\":\"Ambassade du S&eacute;n&eacute;gal &agrave; Berlin\",\"publisher\":{\"@id\":\"https:\\\/\\\/botschaft-senega-r4b19ptaoc.live-website.com\\\/#organization\"},\"alternateName\":\"Botschaft Senegal\",\"potentialAction\":[{\"@type\":\"SearchAction\",\"target\":{\"@type\":\"EntryPoint\",\"urlTemplate\":\"https:\\\/\\\/botschaft-senega-r4b19ptaoc.live-website.com\\\/?s={search_term_string}\"},\"query-input\":{\"@type\":\"PropertyValueSpecification\",\"valueRequired\":true,\"valueName\":\"search_term_string\"}}],\"inLanguage\":\"de\"},{\"@type\":\"Organization\",\"@id\":\"https:\\\/\\\/botschaft-senega-r4b19ptaoc.live-website.com\\\/#organization\",\"name\":\"Ambassade du S\u00e9n\u00e9gal \u00e0 Berlin - Botschaft Senegal\",\"alternateName\":\"Botschaft senegal\",\"url\":\"https:\\\/\\\/botschaft-senega-r4b19ptaoc.live-website.com\\\/\",\"logo\":{\"@type\":\"ImageObject\",\"inLanguage\":\"de\",\"@id\":\"https:\\\/\\\/botschaft-senega-r4b19ptaoc.live-website.com\\\/#\\\/schema\\\/logo\\\/image\\\/\",\"url\":\"https:\\\/\\\/botschaft-senegal.de\\\/wp-content\\\/uploads\\\/2023\\\/07\\\/logo.svg.png\",\"contentUrl\":\"https:\\\/\\\/botschaft-senegal.de\\\/wp-content\\\/uploads\\\/2023\\\/07\\\/logo.svg.png\",\"width\":200,\"height\":237,\"caption\":\"Ambassade du S\u00e9n\u00e9gal \u00e0 Berlin - Botschaft Senegal\"},\"image\":{\"@id\":\"https:\\\/\\\/botschaft-senega-r4b19ptaoc.live-website.com\\\/#\\\/schema\\\/logo\\\/image\\\/\"}},{\"@type\":\"Person\",\"@id\":\"https:\\\/\\\/botschaft-senega-r4b19ptaoc.live-website.com\\\/#\\\/schema\\\/person\\\/2d5805967152c960961d15edfebf4914\",\"name\":\"Website Manager\",\"image\":{\"@type\":\"ImageObject\",\"inLanguage\":\"de\",\"@id\":\"https:\\\/\\\/secure.gravatar.com\\\/avatar\\\/46450d06865004f14fe4e6cc6e65687dd36f0a9e89b7ad174b8bee378a49d58d?s=96&d=mm&r=g\",\"url\":\"https:\\\/\\\/secure.gravatar.com\\\/avatar\\\/46450d06865004f14fe4e6cc6e65687dd36f0a9e89b7ad174b8bee378a49d58d?s=96&d=mm&r=g\",\"contentUrl\":\"https:\\\/\\\/secure.gravatar.com\\\/avatar\\\/46450d06865004f14fe4e6cc6e65687dd36f0a9e89b7ad174b8bee378a49d58d?s=96&d=mm&r=g\",\"caption\":\"Website Manager\"},\"url\":\"https:\\\/\\\/botschaft-senegal.de\\\/de\\\/author\\\/secretaire-traductrice\\\/\"}]}<\/script>\n<!-- \/ Yoast SEO plugin. -->","yoast_head_json":{"title":"Acquisition d'acc\u00e9l\u00e9rateurs lin\u00e9aires (LINACS) pour le traitement du cancer au Senegal - Ambassade du S&eacute;n&eacute;gal en Allemagne","description":"Communiqu\u00e9 - Publication de l'Ambassade - Informations pour les usagers --- Pressemitteilung - Ver\u00f6ffentlichung der Botschaft - Informationen f\u00fcr Benutzer --- Press release - Embassy publication - News","robots":{"index":"index","follow":"follow","max-snippet":"max-snippet:-1","max-image-preview":"max-image-preview:large","max-video-preview":"max-video-preview:-1"},"canonical":"https:\/\/botschaft-senegal.de\/de\/2024\/12\/acquisition-daccelerateurs-lineaires-linacs-pour-le-traitement-du-cancer-au-senegal\/","og_locale":"de_DE","og_type":"article","og_title":"Acquisition d'acc\u00e9l\u00e9rateurs lin\u00e9aires (LINACS) pour le traitement du cancer au Senegal - Ambassade du S&eacute;n&eacute;gal en Allemagne","og_description":"Communiqu\u00e9 - Publication de l'Ambassade - Informations pour les usagers --- Pressemitteilung - Ver\u00f6ffentlichung der Botschaft - Informationen f\u00fcr Benutzer --- Press release - Embassy publication - News","og_url":"https:\/\/botschaft-senegal.de\/de\/2024\/12\/acquisition-daccelerateurs-lineaires-linacs-pour-le-traitement-du-cancer-au-senegal\/","og_site_name":"Ambassade du S&eacute;n&eacute;gal en Allemagne","article_published_time":"2024-12-06T16:33:18+00:00","article_modified_time":"2024-12-06T17:34:09+00:00","og_image":[{"width":1300,"height":898,"url":"https:\/\/botschaft-senegal.de\/wp-content\/uploads\/2024\/12\/Linacs-still-1300x898-1.png","type":"image\/png"}],"author":"Website Manager","twitter_card":"summary_large_image","twitter_misc":{"Verfasst von":"Website Manager","Gesch\u00e4tzte Lesezeit":"1 Minute"},"schema":{"@context":"https:\/\/schema.org","@graph":[{"@type":"Article","@id":"https:\/\/botschaft-senegal.de\/2024\/12\/acquisition-daccelerateurs-lineaires-linacs-pour-le-traitement-du-cancer-au-senegal\/#article","isPartOf":{"@id":"https:\/\/botschaft-senegal.de\/2024\/12\/acquisition-daccelerateurs-lineaires-linacs-pour-le-traitement-du-cancer-au-senegal\/"},"author":{"name":"Website Manager","@id":"https:\/\/botschaft-senega-r4b19ptaoc.live-website.com\/#\/schema\/person\/2d5805967152c960961d15edfebf4914"},"headline":"Acquisition d&rsquo;acc\u00e9l\u00e9rateurs lin\u00e9aires (LINACS) pour le traitement du cancer au Senegal","datePublished":"2024-12-06T16:33:18+00:00","dateModified":"2024-12-06T17:34:09+00:00","mainEntityOfPage":{"@id":"https:\/\/botschaft-senegal.de\/2024\/12\/acquisition-daccelerateurs-lineaires-linacs-pour-le-traitement-du-cancer-au-senegal\/"},"wordCount":184,"publisher":{"@id":"https:\/\/botschaft-senega-r4b19ptaoc.live-website.com\/#organization"},"image":{"@id":"https:\/\/botschaft-senegal.de\/2024\/12\/acquisition-daccelerateurs-lineaires-linacs-pour-le-traitement-du-cancer-au-senegal\/#primaryimage"},"thumbnailUrl":"https:\/\/botschaft-senegal.de\/wp-content\/uploads\/2024\/12\/Linacs-still-1300x898-1.png","keywords":["AIEA","Ambassade","Coop\u00e9ration multilat\u00e9rale"],"articleSection":["Communiqu\u00e9","Diplomatie"],"inLanguage":"de"},{"@type":"WebPage","@id":"https:\/\/botschaft-senegal.de\/2024\/12\/acquisition-daccelerateurs-lineaires-linacs-pour-le-traitement-du-cancer-au-senegal\/","url":"https:\/\/botschaft-senegal.de\/2024\/12\/acquisition-daccelerateurs-lineaires-linacs-pour-le-traitement-du-cancer-au-senegal\/","name":"Acquisition d'acc\u00e9l\u00e9rateurs lin\u00e9aires (LINACS) pour le traitement du cancer au Senegal - Ambassade du S&eacute;n&eacute;gal en Allemagne","isPartOf":{"@id":"https:\/\/botschaft-senega-r4b19ptaoc.live-website.com\/#website"},"primaryImageOfPage":{"@id":"https:\/\/botschaft-senegal.de\/2024\/12\/acquisition-daccelerateurs-lineaires-linacs-pour-le-traitement-du-cancer-au-senegal\/#primaryimage"},"image":{"@id":"https:\/\/botschaft-senegal.de\/2024\/12\/acquisition-daccelerateurs-lineaires-linacs-pour-le-traitement-du-cancer-au-senegal\/#primaryimage"},"thumbnailUrl":"https:\/\/botschaft-senegal.de\/wp-content\/uploads\/2024\/12\/Linacs-still-1300x898-1.png","datePublished":"2024-12-06T16:33:18+00:00","dateModified":"2024-12-06T17:34:09+00:00","description":"Communiqu\u00e9 - Publication de l'Ambassade - Informations pour les usagers --- Pressemitteilung - Ver\u00f6ffentlichung der Botschaft - Informationen f\u00fcr Benutzer --- Press release - Embassy publication - News","breadcrumb":{"@id":"https:\/\/botschaft-senegal.de\/2024\/12\/acquisition-daccelerateurs-lineaires-linacs-pour-le-traitement-du-cancer-au-senegal\/#breadcrumb"},"inLanguage":"de","potentialAction":[{"@type":"ReadAction","target":["https:\/\/botschaft-senegal.de\/2024\/12\/acquisition-daccelerateurs-lineaires-linacs-pour-le-traitement-du-cancer-au-senegal\/"]}]},{"@type":"ImageObject","inLanguage":"de","@id":"https:\/\/botschaft-senegal.de\/2024\/12\/acquisition-daccelerateurs-lineaires-linacs-pour-le-traitement-du-cancer-au-senegal\/#primaryimage","url":"https:\/\/botschaft-senegal.de\/wp-content\/uploads\/2024\/12\/Linacs-still-1300x898-1.png","contentUrl":"https:\/\/botschaft-senegal.de\/wp-content\/uploads\/2024\/12\/Linacs-still-1300x898-1.png","width":1300,"height":898},{"@type":"BreadcrumbList","@id":"https:\/\/botschaft-senegal.de\/2024\/12\/acquisition-daccelerateurs-lineaires-linacs-pour-le-traitement-du-cancer-au-senegal\/#breadcrumb","itemListElement":[{"@type":"ListItem","position":1,"name":"Accueil","item":"https:\/\/botschaft-senegal.de\/"},{"@type":"ListItem","position":2,"name":"Acquisition d&rsquo;acc\u00e9l\u00e9rateurs lin\u00e9aires (LINACS) pour le traitement du cancer au Senegal"}]},{"@type":"WebSite","@id":"https:\/\/botschaft-senega-r4b19ptaoc.live-website.com\/#website","url":"https:\/\/botschaft-senega-r4b19ptaoc.live-website.com\/","name":"Ambassade du S\u00e9n\u00e9gal \u00e0 Berlin","description":"Ambassade du S&eacute;n&eacute;gal &agrave; Berlin","publisher":{"@id":"https:\/\/botschaft-senega-r4b19ptaoc.live-website.com\/#organization"},"alternateName":"Botschaft Senegal","potentialAction":[{"@type":"SearchAction","target":{"@type":"EntryPoint","urlTemplate":"https:\/\/botschaft-senega-r4b19ptaoc.live-website.com\/?s={search_term_string}"},"query-input":{"@type":"PropertyValueSpecification","valueRequired":true,"valueName":"search_term_string"}}],"inLanguage":"de"},{"@type":"Organization","@id":"https:\/\/botschaft-senega-r4b19ptaoc.live-website.com\/#organization","name":"Ambassade du S\u00e9n\u00e9gal \u00e0 Berlin - Botschaft Senegal","alternateName":"Botschaft senegal","url":"https:\/\/botschaft-senega-r4b19ptaoc.live-website.com\/","logo":{"@type":"ImageObject","inLanguage":"de","@id":"https:\/\/botschaft-senega-r4b19ptaoc.live-website.com\/#\/schema\/logo\/image\/","url":"https:\/\/botschaft-senegal.de\/wp-content\/uploads\/2023\/07\/logo.svg.png","contentUrl":"https:\/\/botschaft-senegal.de\/wp-content\/uploads\/2023\/07\/logo.svg.png","width":200,"height":237,"caption":"Ambassade du S\u00e9n\u00e9gal \u00e0 Berlin - Botschaft Senegal"},"image":{"@id":"https:\/\/botschaft-senega-r4b19ptaoc.live-website.com\/#\/schema\/logo\/image\/"}},{"@type":"Person","@id":"https:\/\/botschaft-senega-r4b19ptaoc.live-website.com\/#\/schema\/person\/2d5805967152c960961d15edfebf4914","name":"Website Manager","image":{"@type":"ImageObject","inLanguage":"de","@id":"https:\/\/secure.gravatar.com\/avatar\/46450d06865004f14fe4e6cc6e65687dd36f0a9e89b7ad174b8bee378a49d58d?s=96&d=mm&r=g","url":"https:\/\/secure.gravatar.com\/avatar\/46450d06865004f14fe4e6cc6e65687dd36f0a9e89b7ad174b8bee378a49d58d?s=96&d=mm&r=g","contentUrl":"https:\/\/secure.gravatar.com\/avatar\/46450d06865004f14fe4e6cc6e65687dd36f0a9e89b7ad174b8bee378a49d58d?s=96&d=mm&r=g","caption":"Website Manager"},"url":"https:\/\/botschaft-senegal.de\/de\/author\/secretaire-traductrice\/"}]}},"_links":{"self":[{"href":"https:\/\/botschaft-senegal.de\/de\/wp-json\/wp\/v2\/posts\/1197","targetHints":{"allow":["GET"]}}],"collection":[{"href":"https:\/\/botschaft-senegal.de\/de\/wp-json\/wp\/v2\/posts"}],"about":[{"href":"https:\/\/botschaft-senegal.de\/de\/wp-json\/wp\/v2\/types\/post"}],"author":[{"embeddable":true,"href":"https:\/\/botschaft-senegal.de\/de\/wp-json\/wp\/v2\/users\/2"}],"replies":[{"embeddable":true,"href":"https:\/\/botschaft-senegal.de\/de\/wp-json\/wp\/v2\/comments?post=1197"}],"version-history":[{"count":7,"href":"https:\/\/botschaft-senegal.de\/de\/wp-json\/wp\/v2\/posts\/1197\/revisions"}],"predecessor-version":[{"id":1212,"href":"https:\/\/botschaft-senegal.de\/de\/wp-json\/wp\/v2\/posts\/1197\/revisions\/1212"}],"wp:featuredmedia":[{"embeddable":true,"href":"https:\/\/botschaft-senegal.de\/de\/wp-json\/wp\/v2\/media\/1204"}],"wp:attachment":[{"href":"https:\/\/botschaft-senegal.de\/de\/wp-json\/wp\/v2\/media?parent=1197"}],"wp:term":[{"taxonomy":"category","embeddable":true,"href":"https:\/\/botschaft-senegal.de\/de\/wp-json\/wp\/v2\/categories?post=1197"},{"taxonomy":"post_tag","embeddable":true,"href":"https:\/\/botschaft-senegal.de\/de\/wp-json\/wp\/v2\/tags?post=1197"}],"curies":[{"name":"wp","href":"https:\/\/api.w.org\/{rel}","templated":true}]}}