{"id":1230,"date":"2025-02-05T12:51:34","date_gmt":"2025-02-05T11:51:34","guid":{"rendered":"https:\/\/botschaft-senegal.de\/?p=1230"},"modified":"2025-02-05T14:12:08","modified_gmt":"2025-02-05T13:12:08","slug":"appel-a-candidatures-pour-le-recrutement-dauditeurs-pour-les-formations-proposees-par-lun-chk","status":"publish","type":"post","link":"https:\/\/botschaft-senegal.de\/de\/2025\/02\/appel-a-candidatures-pour-le-recrutement-dauditeurs-pour-les-formations-proposees-par-lun-chk\/","title":{"rendered":"Appel \u00e0 candidatures pour le recrutement d&rsquo;auditeurs pour les formations propos\u00e9es par l&rsquo;UN-CHK"},"content":{"rendered":"<p>Il est port\u00e9 \u00e0 la connaissance du public du lancement, par l&rsquo;Universit\u00e9 num\u00e9rique Cheikh<br>Hamidou KANE (UN-CHK), de l&rsquo;appel \u00e0 candidatures pour le recrutement d&rsquo;auditeurs au titre des<br>formations payantes pour l&rsquo;ann\u00e9e acad\u00e9mique 2024-2025.<\/p>\n\n\n\n<p>Dans le cadre de sa politique d&rsquo;acc\u00e8s \u00e9quitable \u00e0 l&rsquo;enseignement sup\u00e9rieur, l&rsquo;UN-CHK offre une large gamme de formations professionnelles et continues accessibles \u00e0 distance, quel que soit le lieu de r\u00e9sidence, gr\u00e2ce \u00e0 sa plateforme d&rsquo;E-Learning.<\/p>\n\n\n\n<p>L&rsquo;offre de formations, vari\u00e9e et compl\u00e8te, couvre plusieurs niveaux : Licence, Master et Certificat, dans les domaines scientifiques, technologiques, num\u00e9riques, ainsi que les Lettres, les Sciences humaines, les Sciences \u00e9conomiques, juridiques et l&rsquo;Administration.<\/p>\n\n\n\n<p>Ces formations s&rsquo;adressent aux \u00e9tudiants, aux professionnels (salari\u00e9s, travailleurs ind\u00e9pendants, entrepreneurs), aux fonctionnaires, ainsi qu&rsquo;aux agents de l&rsquo;\u00c9tat, des collectivit\u00e9s territoriales, des ONG et de la soci\u00e9t\u00e9 civile.<\/p>\n\n\n\n<p>La liste des formations propos\u00e9es est disponible sur le site de l&rsquo;Universit\u00e9 \u00e0 l&rsquo;adresse suivante : <a href=\"https:\/\/www.unchk.sn\/ufc\">https:\/\/www.unchk.sn\/ufc<\/a>.<\/p>\n\n\n\n<p>Les personnes int\u00e9ress\u00e9es peuvent s&rsquo;inscrire en ligne sur <a>https:\/\/admission.unchk.sn<\/a>, avant le 15 f\u00e9vrier 2025.<\/p>\n\n\n\n<p>Pour toute demande d&rsquo;information ou d&rsquo;accompagnement pour l&rsquo;admission, les candidats peuvent contacter l&rsquo;Universit\u00e9 par courrier \u00e9lectronique \u00e0 l&rsquo;adresse : <a>assane.faye@unchk.edu.sn<\/a> ou par t\u00e9l\u00e9phone au +221 76 555 26 75.<\/p>\n\n\n\n<div data-wp-interactive=\"core\/file\" class=\"wp-block-file\"><object data-wp-bind--hidden=\"!state.hasPdfPreview\" hidden class=\"wp-block-file__embed\" data=\"https:\/\/botschaft-senegal.de\/wp-content\/uploads\/2025\/02\/Communique-recrutement-auditeurs-formations-UN-CHK.pdf\" type=\"application\/pdf\" style=\"width:100%;height:600px\" aria-label=\"Einbettung von Communiqu\u00e9-recrutement-auditeurs-formations-UN-CHK.\"><\/object><a id=\"wp-block-file--media-b60f3499-a1a7-4ec3-85e4-0fd40b66379d\" href=\"https:\/\/botschaft-senegal.de\/wp-content\/uploads\/2025\/02\/Communique-recrutement-auditeurs-formations-UN-CHK.pdf\">Communiqu\u00e9-recrutement-auditeurs-formations-UN-CHK<\/a><a href=\"https:\/\/botschaft-senegal.de\/wp-content\/uploads\/2025\/02\/Communique-recrutement-auditeurs-formations-UN-CHK.pdf\" class=\"wp-block-file__button wp-element-button\" download aria-describedby=\"wp-block-file--media-b60f3499-a1a7-4ec3-85e4-0fd40b66379d\">Herunterladen<\/a><\/div>","protected":false},"excerpt":{"rendered":"<p>L&rsquo;Universit\u00e9 num\u00e9rique Cheikh Hamidou KANE (UN-CHK) lance un appel \u00e0 candidatures pour le recrutement d&rsquo;auditeurs dans le cadre de ses formations payantes pour l&rsquo;ann\u00e9e acad\u00e9mique 2024-2025. Ces formations, accessibles \u00e0 distance via la plateforme d&rsquo;E-Learning, couvrent divers niveaux (Licence, Master, Certificat) et sont disponibles dans plusieurs domaines tels que les sciences, les technologies, le num\u00e9rique, ainsi que les Lettres, les Sciences humaines et l&rsquo;Administration.  Les inscriptions sont ouvertes jusqu&rsquo;au 15 f\u00e9vrier 2025.<\/p>","protected":false},"author":2,"featured_media":1232,"comment_status":"closed","ping_status":"open","sticky":false,"template":"","format":"standard","meta":{"footnotes":""},"categories":[4,9],"tags":[29,27,28],"class_list":["post-1230","post","type-post","status-publish","format-standard","has-post-thumbnail","hentry","category-communique","category-diaspora","tag-e-learning","tag-formation","tag-un-chk"],"blocksy_meta":[],"yoast_head":"<!-- This site is optimized with the Yoast SEO plugin v27.5 - https:\/\/yoast.com\/product\/yoast-seo-wordpress\/ -->\n<title>Appel \u00e0 candidatures pour le recrutement d&#039;auditeurs pour les formations propos\u00e9es par l&#039;UN-CHK - Ambassade du S&eacute;n&eacute;gal en Allemagne<\/title>\n<meta name=\"description\" content=\"Communiqu\u00e9 - Publication de l&#039;Ambassade - Informations pour les usagers --- Pressemitteilung - Ver\u00f6ffentlichung der Botschaft - Informationen f\u00fcr Benutzer --- Press release - Embassy publication - News\" \/>\n<meta name=\"robots\" content=\"index, follow, max-snippet:-1, max-image-preview:large, max-video-preview:-1\" \/>\n<link rel=\"canonical\" href=\"https:\/\/botschaft-senegal.de\/de\/2025\/02\/appel-a-candidatures-pour-le-recrutement-dauditeurs-pour-les-formations-proposees-par-lun-chk\/\" \/>\n<meta property=\"og:locale\" content=\"de_DE\" \/>\n<meta property=\"og:type\" content=\"article\" \/>\n<meta property=\"og:title\" content=\"Appel \u00e0 candidatures pour le recrutement d&#039;auditeurs pour les formations propos\u00e9es par l&#039;UN-CHK - Ambassade du S&eacute;n&eacute;gal en Allemagne\" \/>\n<meta property=\"og:description\" content=\"Communiqu\u00e9 - Publication de l&#039;Ambassade - Informations pour les usagers --- Pressemitteilung - Ver\u00f6ffentlichung der Botschaft - Informationen f\u00fcr Benutzer --- Press release - Embassy publication - News\" \/>\n<meta property=\"og:url\" content=\"https:\/\/botschaft-senegal.de\/de\/2025\/02\/appel-a-candidatures-pour-le-recrutement-dauditeurs-pour-les-formations-proposees-par-lun-chk\/\" \/>\n<meta property=\"og:site_name\" content=\"Ambassade du S&eacute;n&eacute;gal en Allemagne\" \/>\n<meta property=\"article:published_time\" content=\"2025-02-05T11:51:34+00:00\" \/>\n<meta property=\"article:modified_time\" content=\"2025-02-05T13:12:08+00:00\" \/>\n<meta property=\"og:image\" content=\"https:\/\/botschaft-senegal.de\/wp-content\/uploads\/2025\/02\/UN-CHK-Formation.png\" \/>\n\t<meta property=\"og:image:width\" content=\"225\" \/>\n\t<meta property=\"og:image:height\" content=\"225\" \/>\n\t<meta property=\"og:image:type\" content=\"image\/png\" \/>\n<meta name=\"author\" content=\"Website Manager\" \/>\n<meta name=\"twitter:card\" content=\"summary_large_image\" \/>\n<meta name=\"twitter:label1\" content=\"Verfasst von\" \/>\n\t<meta name=\"twitter:data1\" content=\"Website Manager\" \/>\n\t<meta name=\"twitter:label2\" content=\"Gesch\u00e4tzte Lesezeit\" \/>\n\t<meta name=\"twitter:data2\" content=\"2 Minuten\" \/>\n<script type=\"application\/ld+json\" class=\"yoast-schema-graph\">{\"@context\":\"https:\\\/\\\/schema.org\",\"@graph\":[{\"@type\":\"Article\",\"@id\":\"https:\\\/\\\/botschaft-senegal.de\\\/2025\\\/02\\\/appel-a-candidatures-pour-le-recrutement-dauditeurs-pour-les-formations-proposees-par-lun-chk\\\/#article\",\"isPartOf\":{\"@id\":\"https:\\\/\\\/botschaft-senegal.de\\\/2025\\\/02\\\/appel-a-candidatures-pour-le-recrutement-dauditeurs-pour-les-formations-proposees-par-lun-chk\\\/\"},\"author\":{\"name\":\"Website Manager\",\"@id\":\"https:\\\/\\\/botschaft-senega-r4b19ptaoc.live-website.com\\\/#\\\/schema\\\/person\\\/2d5805967152c960961d15edfebf4914\"},\"headline\":\"Appel \u00e0 candidatures pour le recrutement d&rsquo;auditeurs pour les formations propos\u00e9es par l&rsquo;UN-CHK\",\"datePublished\":\"2025-02-05T11:51:34+00:00\",\"dateModified\":\"2025-02-05T13:12:08+00:00\",\"mainEntityOfPage\":{\"@id\":\"https:\\\/\\\/botschaft-senegal.de\\\/2025\\\/02\\\/appel-a-candidatures-pour-le-recrutement-dauditeurs-pour-les-formations-proposees-par-lun-chk\\\/\"},\"wordCount\":222,\"publisher\":{\"@id\":\"https:\\\/\\\/botschaft-senega-r4b19ptaoc.live-website.com\\\/#organization\"},\"image\":{\"@id\":\"https:\\\/\\\/botschaft-senegal.de\\\/2025\\\/02\\\/appel-a-candidatures-pour-le-recrutement-dauditeurs-pour-les-formations-proposees-par-lun-chk\\\/#primaryimage\"},\"thumbnailUrl\":\"https:\\\/\\\/botschaft-senegal.de\\\/wp-content\\\/uploads\\\/2025\\\/02\\\/UN-CHK-Formation.png\",\"keywords\":[\"e-learning\",\"formation\",\"UN-CHK\"],\"articleSection\":[\"Communiqu\u00e9\",\"Diaspora\"],\"inLanguage\":\"de\"},{\"@type\":\"WebPage\",\"@id\":\"https:\\\/\\\/botschaft-senegal.de\\\/2025\\\/02\\\/appel-a-candidatures-pour-le-recrutement-dauditeurs-pour-les-formations-proposees-par-lun-chk\\\/\",\"url\":\"https:\\\/\\\/botschaft-senegal.de\\\/2025\\\/02\\\/appel-a-candidatures-pour-le-recrutement-dauditeurs-pour-les-formations-proposees-par-lun-chk\\\/\",\"name\":\"Appel \u00e0 candidatures pour le recrutement d'auditeurs pour les formations propos\u00e9es par l'UN-CHK - Ambassade du S&eacute;n&eacute;gal en Allemagne\",\"isPartOf\":{\"@id\":\"https:\\\/\\\/botschaft-senega-r4b19ptaoc.live-website.com\\\/#website\"},\"primaryImageOfPage\":{\"@id\":\"https:\\\/\\\/botschaft-senegal.de\\\/2025\\\/02\\\/appel-a-candidatures-pour-le-recrutement-dauditeurs-pour-les-formations-proposees-par-lun-chk\\\/#primaryimage\"},\"image\":{\"@id\":\"https:\\\/\\\/botschaft-senegal.de\\\/2025\\\/02\\\/appel-a-candidatures-pour-le-recrutement-dauditeurs-pour-les-formations-proposees-par-lun-chk\\\/#primaryimage\"},\"thumbnailUrl\":\"https:\\\/\\\/botschaft-senegal.de\\\/wp-content\\\/uploads\\\/2025\\\/02\\\/UN-CHK-Formation.png\",\"datePublished\":\"2025-02-05T11:51:34+00:00\",\"dateModified\":\"2025-02-05T13:12:08+00:00\",\"description\":\"Communiqu\u00e9 - Publication de l'Ambassade - Informations pour les usagers --- Pressemitteilung - Ver\u00f6ffentlichung der Botschaft - Informationen f\u00fcr Benutzer --- Press release - Embassy publication - News\",\"breadcrumb\":{\"@id\":\"https:\\\/\\\/botschaft-senegal.de\\\/2025\\\/02\\\/appel-a-candidatures-pour-le-recrutement-dauditeurs-pour-les-formations-proposees-par-lun-chk\\\/#breadcrumb\"},\"inLanguage\":\"de\",\"potentialAction\":[{\"@type\":\"ReadAction\",\"target\":[\"https:\\\/\\\/botschaft-senegal.de\\\/2025\\\/02\\\/appel-a-candidatures-pour-le-recrutement-dauditeurs-pour-les-formations-proposees-par-lun-chk\\\/\"]}]},{\"@type\":\"ImageObject\",\"inLanguage\":\"de\",\"@id\":\"https:\\\/\\\/botschaft-senegal.de\\\/2025\\\/02\\\/appel-a-candidatures-pour-le-recrutement-dauditeurs-pour-les-formations-proposees-par-lun-chk\\\/#primaryimage\",\"url\":\"https:\\\/\\\/botschaft-senegal.de\\\/wp-content\\\/uploads\\\/2025\\\/02\\\/UN-CHK-Formation.png\",\"contentUrl\":\"https:\\\/\\\/botschaft-senegal.de\\\/wp-content\\\/uploads\\\/2025\\\/02\\\/UN-CHK-Formation.png\",\"width\":225,\"height\":225},{\"@type\":\"BreadcrumbList\",\"@id\":\"https:\\\/\\\/botschaft-senegal.de\\\/2025\\\/02\\\/appel-a-candidatures-pour-le-recrutement-dauditeurs-pour-les-formations-proposees-par-lun-chk\\\/#breadcrumb\",\"itemListElement\":[{\"@type\":\"ListItem\",\"position\":1,\"name\":\"Accueil\",\"item\":\"https:\\\/\\\/botschaft-senegal.de\\\/\"},{\"@type\":\"ListItem\",\"position\":2,\"name\":\"Appel \u00e0 candidatures pour le recrutement d&rsquo;auditeurs pour les formations propos\u00e9es par l&rsquo;UN-CHK\"}]},{\"@type\":\"WebSite\",\"@id\":\"https:\\\/\\\/botschaft-senega-r4b19ptaoc.live-website.com\\\/#website\",\"url\":\"https:\\\/\\\/botschaft-senega-r4b19ptaoc.live-website.com\\\/\",\"name\":\"Ambassade du S\u00e9n\u00e9gal \u00e0 Berlin\",\"description\":\"Ambassade du S&eacute;n&eacute;gal &agrave; Berlin\",\"publisher\":{\"@id\":\"https:\\\/\\\/botschaft-senega-r4b19ptaoc.live-website.com\\\/#organization\"},\"alternateName\":\"Botschaft Senegal\",\"potentialAction\":[{\"@type\":\"SearchAction\",\"target\":{\"@type\":\"EntryPoint\",\"urlTemplate\":\"https:\\\/\\\/botschaft-senega-r4b19ptaoc.live-website.com\\\/?s={search_term_string}\"},\"query-input\":{\"@type\":\"PropertyValueSpecification\",\"valueRequired\":true,\"valueName\":\"search_term_string\"}}],\"inLanguage\":\"de\"},{\"@type\":\"Organization\",\"@id\":\"https:\\\/\\\/botschaft-senega-r4b19ptaoc.live-website.com\\\/#organization\",\"name\":\"Ambassade du S\u00e9n\u00e9gal \u00e0 Berlin - Botschaft Senegal\",\"alternateName\":\"Botschaft senegal\",\"url\":\"https:\\\/\\\/botschaft-senega-r4b19ptaoc.live-website.com\\\/\",\"logo\":{\"@type\":\"ImageObject\",\"inLanguage\":\"de\",\"@id\":\"https:\\\/\\\/botschaft-senega-r4b19ptaoc.live-website.com\\\/#\\\/schema\\\/logo\\\/image\\\/\",\"url\":\"https:\\\/\\\/botschaft-senegal.de\\\/wp-content\\\/uploads\\\/2023\\\/07\\\/logo.svg.png\",\"contentUrl\":\"https:\\\/\\\/botschaft-senegal.de\\\/wp-content\\\/uploads\\\/2023\\\/07\\\/logo.svg.png\",\"width\":200,\"height\":237,\"caption\":\"Ambassade du S\u00e9n\u00e9gal \u00e0 Berlin - Botschaft Senegal\"},\"image\":{\"@id\":\"https:\\\/\\\/botschaft-senega-r4b19ptaoc.live-website.com\\\/#\\\/schema\\\/logo\\\/image\\\/\"}},{\"@type\":\"Person\",\"@id\":\"https:\\\/\\\/botschaft-senega-r4b19ptaoc.live-website.com\\\/#\\\/schema\\\/person\\\/2d5805967152c960961d15edfebf4914\",\"name\":\"Website Manager\",\"image\":{\"@type\":\"ImageObject\",\"inLanguage\":\"de\",\"@id\":\"https:\\\/\\\/secure.gravatar.com\\\/avatar\\\/46450d06865004f14fe4e6cc6e65687dd36f0a9e89b7ad174b8bee378a49d58d?s=96&d=mm&r=g\",\"url\":\"https:\\\/\\\/secure.gravatar.com\\\/avatar\\\/46450d06865004f14fe4e6cc6e65687dd36f0a9e89b7ad174b8bee378a49d58d?s=96&d=mm&r=g\",\"contentUrl\":\"https:\\\/\\\/secure.gravatar.com\\\/avatar\\\/46450d06865004f14fe4e6cc6e65687dd36f0a9e89b7ad174b8bee378a49d58d?s=96&d=mm&r=g\",\"caption\":\"Website Manager\"},\"url\":\"https:\\\/\\\/botschaft-senegal.de\\\/de\\\/author\\\/secretaire-traductrice\\\/\"}]}<\/script>\n<!-- \/ Yoast SEO plugin. -->","yoast_head_json":{"title":"Appel \u00e0 candidatures pour le recrutement d'auditeurs pour les formations propos\u00e9es par l'UN-CHK - Ambassade du S&eacute;n&eacute;gal en Allemagne","description":"Communiqu\u00e9 - Publication de l'Ambassade - Informations pour les usagers --- Pressemitteilung - Ver\u00f6ffentlichung der Botschaft - Informationen f\u00fcr Benutzer --- Press release - Embassy publication - News","robots":{"index":"index","follow":"follow","max-snippet":"max-snippet:-1","max-image-preview":"max-image-preview:large","max-video-preview":"max-video-preview:-1"},"canonical":"https:\/\/botschaft-senegal.de\/de\/2025\/02\/appel-a-candidatures-pour-le-recrutement-dauditeurs-pour-les-formations-proposees-par-lun-chk\/","og_locale":"de_DE","og_type":"article","og_title":"Appel \u00e0 candidatures pour le recrutement d'auditeurs pour les formations propos\u00e9es par l'UN-CHK - Ambassade du S&eacute;n&eacute;gal en Allemagne","og_description":"Communiqu\u00e9 - Publication de l'Ambassade - Informations pour les usagers --- Pressemitteilung - Ver\u00f6ffentlichung der Botschaft - Informationen f\u00fcr Benutzer --- Press release - Embassy publication - News","og_url":"https:\/\/botschaft-senegal.de\/de\/2025\/02\/appel-a-candidatures-pour-le-recrutement-dauditeurs-pour-les-formations-proposees-par-lun-chk\/","og_site_name":"Ambassade du S&eacute;n&eacute;gal en Allemagne","article_published_time":"2025-02-05T11:51:34+00:00","article_modified_time":"2025-02-05T13:12:08+00:00","og_image":[{"width":225,"height":225,"url":"https:\/\/botschaft-senegal.de\/wp-content\/uploads\/2025\/02\/UN-CHK-Formation.png","type":"image\/png"}],"author":"Website Manager","twitter_card":"summary_large_image","twitter_misc":{"Verfasst von":"Website Manager","Gesch\u00e4tzte Lesezeit":"2 Minuten"},"schema":{"@context":"https:\/\/schema.org","@graph":[{"@type":"Article","@id":"https:\/\/botschaft-senegal.de\/2025\/02\/appel-a-candidatures-pour-le-recrutement-dauditeurs-pour-les-formations-proposees-par-lun-chk\/#article","isPartOf":{"@id":"https:\/\/botschaft-senegal.de\/2025\/02\/appel-a-candidatures-pour-le-recrutement-dauditeurs-pour-les-formations-proposees-par-lun-chk\/"},"author":{"name":"Website Manager","@id":"https:\/\/botschaft-senega-r4b19ptaoc.live-website.com\/#\/schema\/person\/2d5805967152c960961d15edfebf4914"},"headline":"Appel \u00e0 candidatures pour le recrutement d&rsquo;auditeurs pour les formations propos\u00e9es par l&rsquo;UN-CHK","datePublished":"2025-02-05T11:51:34+00:00","dateModified":"2025-02-05T13:12:08+00:00","mainEntityOfPage":{"@id":"https:\/\/botschaft-senegal.de\/2025\/02\/appel-a-candidatures-pour-le-recrutement-dauditeurs-pour-les-formations-proposees-par-lun-chk\/"},"wordCount":222,"publisher":{"@id":"https:\/\/botschaft-senega-r4b19ptaoc.live-website.com\/#organization"},"image":{"@id":"https:\/\/botschaft-senegal.de\/2025\/02\/appel-a-candidatures-pour-le-recrutement-dauditeurs-pour-les-formations-proposees-par-lun-chk\/#primaryimage"},"thumbnailUrl":"https:\/\/botschaft-senegal.de\/wp-content\/uploads\/2025\/02\/UN-CHK-Formation.png","keywords":["e-learning","formation","UN-CHK"],"articleSection":["Communiqu\u00e9","Diaspora"],"inLanguage":"de"},{"@type":"WebPage","@id":"https:\/\/botschaft-senegal.de\/2025\/02\/appel-a-candidatures-pour-le-recrutement-dauditeurs-pour-les-formations-proposees-par-lun-chk\/","url":"https:\/\/botschaft-senegal.de\/2025\/02\/appel-a-candidatures-pour-le-recrutement-dauditeurs-pour-les-formations-proposees-par-lun-chk\/","name":"Appel \u00e0 candidatures pour le recrutement d'auditeurs pour les formations propos\u00e9es par l'UN-CHK - Ambassade du S&eacute;n&eacute;gal en Allemagne","isPartOf":{"@id":"https:\/\/botschaft-senega-r4b19ptaoc.live-website.com\/#website"},"primaryImageOfPage":{"@id":"https:\/\/botschaft-senegal.de\/2025\/02\/appel-a-candidatures-pour-le-recrutement-dauditeurs-pour-les-formations-proposees-par-lun-chk\/#primaryimage"},"image":{"@id":"https:\/\/botschaft-senegal.de\/2025\/02\/appel-a-candidatures-pour-le-recrutement-dauditeurs-pour-les-formations-proposees-par-lun-chk\/#primaryimage"},"thumbnailUrl":"https:\/\/botschaft-senegal.de\/wp-content\/uploads\/2025\/02\/UN-CHK-Formation.png","datePublished":"2025-02-05T11:51:34+00:00","dateModified":"2025-02-05T13:12:08+00:00","description":"Communiqu\u00e9 - Publication de l'Ambassade - Informations pour les usagers --- Pressemitteilung - Ver\u00f6ffentlichung der Botschaft - Informationen f\u00fcr Benutzer --- Press release - Embassy publication - News","breadcrumb":{"@id":"https:\/\/botschaft-senegal.de\/2025\/02\/appel-a-candidatures-pour-le-recrutement-dauditeurs-pour-les-formations-proposees-par-lun-chk\/#breadcrumb"},"inLanguage":"de","potentialAction":[{"@type":"ReadAction","target":["https:\/\/botschaft-senegal.de\/2025\/02\/appel-a-candidatures-pour-le-recrutement-dauditeurs-pour-les-formations-proposees-par-lun-chk\/"]}]},{"@type":"ImageObject","inLanguage":"de","@id":"https:\/\/botschaft-senegal.de\/2025\/02\/appel-a-candidatures-pour-le-recrutement-dauditeurs-pour-les-formations-proposees-par-lun-chk\/#primaryimage","url":"https:\/\/botschaft-senegal.de\/wp-content\/uploads\/2025\/02\/UN-CHK-Formation.png","contentUrl":"https:\/\/botschaft-senegal.de\/wp-content\/uploads\/2025\/02\/UN-CHK-Formation.png","width":225,"height":225},{"@type":"BreadcrumbList","@id":"https:\/\/botschaft-senegal.de\/2025\/02\/appel-a-candidatures-pour-le-recrutement-dauditeurs-pour-les-formations-proposees-par-lun-chk\/#breadcrumb","itemListElement":[{"@type":"ListItem","position":1,"name":"Accueil","item":"https:\/\/botschaft-senegal.de\/"},{"@type":"ListItem","position":2,"name":"Appel \u00e0 candidatures pour le recrutement d&rsquo;auditeurs pour les formations propos\u00e9es par l&rsquo;UN-CHK"}]},{"@type":"WebSite","@id":"https:\/\/botschaft-senega-r4b19ptaoc.live-website.com\/#website","url":"https:\/\/botschaft-senega-r4b19ptaoc.live-website.com\/","name":"Ambassade du S\u00e9n\u00e9gal \u00e0 Berlin","description":"Ambassade du S&eacute;n&eacute;gal &agrave; Berlin","publisher":{"@id":"https:\/\/botschaft-senega-r4b19ptaoc.live-website.com\/#organization"},"alternateName":"Botschaft Senegal","potentialAction":[{"@type":"SearchAction","target":{"@type":"EntryPoint","urlTemplate":"https:\/\/botschaft-senega-r4b19ptaoc.live-website.com\/?s={search_term_string}"},"query-input":{"@type":"PropertyValueSpecification","valueRequired":true,"valueName":"search_term_string"}}],"inLanguage":"de"},{"@type":"Organization","@id":"https:\/\/botschaft-senega-r4b19ptaoc.live-website.com\/#organization","name":"Ambassade du S\u00e9n\u00e9gal \u00e0 Berlin - Botschaft Senegal","alternateName":"Botschaft senegal","url":"https:\/\/botschaft-senega-r4b19ptaoc.live-website.com\/","logo":{"@type":"ImageObject","inLanguage":"de","@id":"https:\/\/botschaft-senega-r4b19ptaoc.live-website.com\/#\/schema\/logo\/image\/","url":"https:\/\/botschaft-senegal.de\/wp-content\/uploads\/2023\/07\/logo.svg.png","contentUrl":"https:\/\/botschaft-senegal.de\/wp-content\/uploads\/2023\/07\/logo.svg.png","width":200,"height":237,"caption":"Ambassade du S\u00e9n\u00e9gal \u00e0 Berlin - Botschaft Senegal"},"image":{"@id":"https:\/\/botschaft-senega-r4b19ptaoc.live-website.com\/#\/schema\/logo\/image\/"}},{"@type":"Person","@id":"https:\/\/botschaft-senega-r4b19ptaoc.live-website.com\/#\/schema\/person\/2d5805967152c960961d15edfebf4914","name":"Website Manager","image":{"@type":"ImageObject","inLanguage":"de","@id":"https:\/\/secure.gravatar.com\/avatar\/46450d06865004f14fe4e6cc6e65687dd36f0a9e89b7ad174b8bee378a49d58d?s=96&d=mm&r=g","url":"https:\/\/secure.gravatar.com\/avatar\/46450d06865004f14fe4e6cc6e65687dd36f0a9e89b7ad174b8bee378a49d58d?s=96&d=mm&r=g","contentUrl":"https:\/\/secure.gravatar.com\/avatar\/46450d06865004f14fe4e6cc6e65687dd36f0a9e89b7ad174b8bee378a49d58d?s=96&d=mm&r=g","caption":"Website Manager"},"url":"https:\/\/botschaft-senegal.de\/de\/author\/secretaire-traductrice\/"}]}},"_links":{"self":[{"href":"https:\/\/botschaft-senegal.de\/de\/wp-json\/wp\/v2\/posts\/1230","targetHints":{"allow":["GET"]}}],"collection":[{"href":"https:\/\/botschaft-senegal.de\/de\/wp-json\/wp\/v2\/posts"}],"about":[{"href":"https:\/\/botschaft-senegal.de\/de\/wp-json\/wp\/v2\/types\/post"}],"author":[{"embeddable":true,"href":"https:\/\/botschaft-senegal.de\/de\/wp-json\/wp\/v2\/users\/2"}],"replies":[{"embeddable":true,"href":"https:\/\/botschaft-senegal.de\/de\/wp-json\/wp\/v2\/comments?post=1230"}],"version-history":[{"count":2,"href":"https:\/\/botschaft-senegal.de\/de\/wp-json\/wp\/v2\/posts\/1230\/revisions"}],"predecessor-version":[{"id":1234,"href":"https:\/\/botschaft-senegal.de\/de\/wp-json\/wp\/v2\/posts\/1230\/revisions\/1234"}],"wp:featuredmedia":[{"embeddable":true,"href":"https:\/\/botschaft-senegal.de\/de\/wp-json\/wp\/v2\/media\/1232"}],"wp:attachment":[{"href":"https:\/\/botschaft-senegal.de\/de\/wp-json\/wp\/v2\/media?parent=1230"}],"wp:term":[{"taxonomy":"category","embeddable":true,"href":"https:\/\/botschaft-senegal.de\/de\/wp-json\/wp\/v2\/categories?post=1230"},{"taxonomy":"post_tag","embeddable":true,"href":"https:\/\/botschaft-senegal.de\/de\/wp-json\/wp\/v2\/tags?post=1230"}],"curies":[{"name":"wp","href":"https:\/\/api.w.org\/{rel}","templated":true}]}}