{"id":1259,"date":"2025-08-26T12:21:47","date_gmt":"2025-08-26T10:21:47","guid":{"rendered":"https:\/\/botschaft-senegal.de\/?p=1259"},"modified":"2025-08-26T12:28:58","modified_gmt":"2025-08-26T10:28:58","slug":"note-dinformation-sur-les-nouvelles-dispositions-relatives-aux-demandes-de-visa","status":"publish","type":"post","link":"https:\/\/botschaft-senegal.de\/de\/2025\/08\/note-dinformation-sur-les-nouvelles-dispositions-relatives-aux-demandes-de-visa\/","title":{"rendered":"Note d\u00b4information sur les nouvelles dispositions relatives aux demandes de visa"},"content":{"rendered":"<p class=\"has-text-align-center\">&#8212;&#8212;&#8212;&#8212;&#8212;&#8212;&#8212;&#8212;&#8212;&#8212;&#8212;<strong>English Translation below<\/strong>&#8212;&#8212;&#8212;&#8212;&#8212;&#8212;&#8212;&#8212;&#8212;&#8212;<\/p>\n\n\n\n<p>L\u2019Ambassade de la R\u00e9publique du S\u00e9n\u00e9gal en R\u00e9publique F\u00e9d\u00e9rale d\u2019Allemagne informe sur les nouvelles dispositions prises par les autorit\u00e9s s\u00e9n\u00e9galaises en mati\u00e8re de Visa (ordinaires, visite, tourisme ou autres) pour les courts s\u00e9jours (maximum 90 jours). Il faut\u00a0:<\/p>\n\n\n\n<ul class=\"wp-block-list\">\n<li>Un passeport dont la validit\u00e9 est sup\u00e9rieure \u00e0 6 mois\u00a0;<\/li>\n\n\n\n<li>Le formulaire sign\u00e9 et rempli en deux (02) exemplaires\u00a0;<\/li>\n\n\n\n<li>Une attestation ou contrat de travail\u00a0;<\/li>\n\n\n\n<li>Un titre de s\u00e9jour et\/ou une lettre d\u2019invitation en provenance du S\u00e9n\u00e9gal\u00a0;<\/li>\n\n\n\n<li>Une attestation de r\u00e9servation d\u2019avion\u00a0;<\/li>\n\n\n\n<li>La r\u00e9servation d\u2019h\u00f4tel ou des informations sur l\u2019h\u00e9bergement\u00a0;<\/li>\n\n\n\n<li>Deux (02) photos d\u2019identit\u00e9\u00a0;<\/li>\n\n\n\n<li>Le num\u00e9ro de t\u00e9l\u00e9phone clair et pr\u00e9cis de votre contact au S\u00e9n\u00e9gal\u00a0;<\/li>\n\n\n\n<li>Une enveloppe recommand\u00e9e portant l\u2019adresse du demandeur, si besoin, pour le renvoi de la r\u00e9ponse.<\/li>\n<\/ul>\n\n\n\n<p>Une fois la demande instruite par l\u2019Ambassade et envoy\u00e9e aux autorit\u00e9s comp\u00e9tentes du S\u00e9n\u00e9gal pour traitement, le num\u00e9ro mentionn\u00e9 sur le formulaire sera contact\u00e9 pour enqu\u00eate et \u00e9ventuellement pour compl\u00e9ment de dossier.<\/p>\n\n\n\n<p><strong><u>NB<\/u>: Le dossier sera class\u00e9 sans suite au bout de deux semaines, si la personne contact\u00e9e n\u2019a pas r\u00e9agi ou n\u2019a pas fourni les informations sollicit\u00e9es.<\/strong><\/p>\n\n\n\n<p class=\"has-text-align-center\">&#8212;&#8212;&#8212;&#8212;&#8212;&#8212;&#8212;&#8212;&#8212;&#8212; English version&#8212;&#8212;&#8212;&#8212;&#8212;&#8212;&#8212;&#8212;&#8212;&#8212;&#8212;&#8212;&#8212;&#8212;&#8212;&#8212;&#8212;<\/p>\n\n\n\n<p><strong>The Embassy of the Republic of Senegal in the Federal Republic of Germany<\/strong> informs about the new measures taken by the Senegalese authorities regarding visas (ordinary, visit, tourism or others) for short stays (maximum 90 days). The following documents are required:<\/p>\n\n\n\n<ul class=\"wp-block-list\">\n<li>A passport valid for more than 6 months;<\/li>\n\n\n\n<li>The application form duly completed and signed in two (02) copies;<\/li>\n\n\n\n<li>A work certificate or employment contract;<\/li>\n\n\n\n<li>A residence permit and\/or an invitation letter from Senegal;<\/li>\n\n\n\n<li>Proof of flight reservation;<\/li>\n\n\n\n<li>Hotel reservation or information regarding accommodation;<\/li>\n\n\n\n<li>Two (02) passport-sized photographs;<\/li>\n\n\n\n<li>The clear and precise telephone number of your contact in Senegal;<\/li>\n\n\n\n<li>A stamped self-addressed envelope, if necessary, for the return of the response.<\/li>\n<\/ul>\n\n\n\n<p>Once the application has been processed by the Embassy and sent to the competent authorities in Senegal for consideration, the telephone number provided on the form will be contacted for verification and, if necessary, to provide additional documents.<\/p>\n\n\n\n<p><strong>NB: The application will be closed without further action after two weeks if the contact person does not respond or fails to provide the requested information<\/strong>.<\/p>","protected":false},"excerpt":{"rendered":"<p>&#8212;&#8212;&#8212;&#8212;&#8212;&#8212;&#8212;&#8212;&#8212;&#8212;&#8212;English Translation below&#8212;&#8212;&#8212;&#8212;&#8212;&#8212;&#8212;&#8212;&#8212;&#8212; L\u2019Ambassade de la R\u00e9publique du S\u00e9n\u00e9gal en R\u00e9publique F\u00e9d\u00e9rale d\u2019Allemagne informe sur les nouvelles dispositions prises par les autorit\u00e9s s\u00e9n\u00e9galaises en mati\u00e8re de Visa (ordinaires, visite, tourisme ou autres) pour les courts s\u00e9jours (maximum 90 jours). Il faut\u00a0: Une fois la demande instruite par l\u2019Ambassade et envoy\u00e9e aux autorit\u00e9s comp\u00e9tentes du S\u00e9n\u00e9gal [&hellip;]<\/p>\n","protected":false},"author":2,"featured_media":1260,"comment_status":"closed","ping_status":"open","sticky":false,"template":"","format":"standard","meta":{"footnotes":""},"categories":[4,10],"tags":[],"class_list":["post-1259","post","type-post","status-publish","format-standard","has-post-thumbnail","hentry","category-communique","category-diplomatie"],"blocksy_meta":[],"yoast_head":"<!-- This site is optimized with the Yoast SEO plugin v27.5 - https:\/\/yoast.com\/product\/yoast-seo-wordpress\/ -->\n<title>Note d\u00b4information sur les nouvelles dispositions relatives aux demandes de visa - Ambassade du S&eacute;n&eacute;gal en Allemagne<\/title>\n<meta name=\"description\" content=\"Communiqu\u00e9 - Publication de l&#039;Ambassade - Informations pour les usagers --- Pressemitteilung - Ver\u00f6ffentlichung der Botschaft - Informationen f\u00fcr Benutzer --- Press release - Embassy publication - News\" \/>\n<meta name=\"robots\" content=\"index, follow, max-snippet:-1, max-image-preview:large, max-video-preview:-1\" \/>\n<link rel=\"canonical\" href=\"https:\/\/botschaft-senegal.de\/de\/2025\/08\/note-dinformation-sur-les-nouvelles-dispositions-relatives-aux-demandes-de-visa\/\" \/>\n<meta property=\"og:locale\" content=\"de_DE\" \/>\n<meta property=\"og:type\" content=\"article\" \/>\n<meta property=\"og:title\" content=\"Note d\u00b4information sur les nouvelles dispositions relatives aux demandes de visa - Ambassade du S&eacute;n&eacute;gal en Allemagne\" \/>\n<meta property=\"og:description\" content=\"Communiqu\u00e9 - Publication de l&#039;Ambassade - Informations pour les usagers --- Pressemitteilung - Ver\u00f6ffentlichung der Botschaft - Informationen f\u00fcr Benutzer --- Press release - Embassy publication - News\" \/>\n<meta property=\"og:url\" content=\"https:\/\/botschaft-senegal.de\/de\/2025\/08\/note-dinformation-sur-les-nouvelles-dispositions-relatives-aux-demandes-de-visa\/\" \/>\n<meta property=\"og:site_name\" content=\"Ambassade du S&eacute;n&eacute;gal en Allemagne\" \/>\n<meta property=\"article:published_time\" content=\"2025-08-26T10:21:47+00:00\" \/>\n<meta property=\"article:modified_time\" content=\"2025-08-26T10:28:58+00:00\" \/>\n<meta property=\"og:image\" content=\"https:\/\/botschaft-senegal.de\/wp-content\/uploads\/2025\/08\/Note-dInformation.png\" \/>\n\t<meta property=\"og:image:width\" content=\"802\" \/>\n\t<meta property=\"og:image:height\" content=\"860\" \/>\n\t<meta property=\"og:image:type\" content=\"image\/png\" \/>\n<meta name=\"author\" content=\"Website Manager\" \/>\n<meta name=\"twitter:card\" content=\"summary_large_image\" \/>\n<meta name=\"twitter:label1\" content=\"Verfasst von\" \/>\n\t<meta name=\"twitter:data1\" content=\"Website Manager\" \/>\n\t<meta name=\"twitter:label2\" content=\"Gesch\u00e4tzte Lesezeit\" \/>\n\t<meta name=\"twitter:data2\" content=\"3 Minuten\" \/>\n<script type=\"application\/ld+json\" class=\"yoast-schema-graph\">{\"@context\":\"https:\\\/\\\/schema.org\",\"@graph\":[{\"@type\":\"Article\",\"@id\":\"https:\\\/\\\/botschaft-senegal.de\\\/2025\\\/08\\\/note-dinformation-sur-les-nouvelles-dispositions-relatives-aux-demandes-de-visa\\\/#article\",\"isPartOf\":{\"@id\":\"https:\\\/\\\/botschaft-senegal.de\\\/2025\\\/08\\\/note-dinformation-sur-les-nouvelles-dispositions-relatives-aux-demandes-de-visa\\\/\"},\"author\":{\"name\":\"Website Manager\",\"@id\":\"https:\\\/\\\/botschaft-senega-r4b19ptaoc.live-website.com\\\/#\\\/schema\\\/person\\\/2d5805967152c960961d15edfebf4914\"},\"headline\":\"Note d\u00b4information sur les nouvelles dispositions relatives aux demandes de visa\",\"datePublished\":\"2025-08-26T10:21:47+00:00\",\"dateModified\":\"2025-08-26T10:28:58+00:00\",\"mainEntityOfPage\":{\"@id\":\"https:\\\/\\\/botschaft-senegal.de\\\/2025\\\/08\\\/note-dinformation-sur-les-nouvelles-dispositions-relatives-aux-demandes-de-visa\\\/\"},\"wordCount\":413,\"publisher\":{\"@id\":\"https:\\\/\\\/botschaft-senega-r4b19ptaoc.live-website.com\\\/#organization\"},\"image\":{\"@id\":\"https:\\\/\\\/botschaft-senegal.de\\\/2025\\\/08\\\/note-dinformation-sur-les-nouvelles-dispositions-relatives-aux-demandes-de-visa\\\/#primaryimage\"},\"thumbnailUrl\":\"https:\\\/\\\/botschaft-senegal.de\\\/wp-content\\\/uploads\\\/2025\\\/08\\\/Note-dInformation.png\",\"articleSection\":[\"Communiqu\u00e9\",\"Diplomatie\"],\"inLanguage\":\"de\"},{\"@type\":\"WebPage\",\"@id\":\"https:\\\/\\\/botschaft-senegal.de\\\/2025\\\/08\\\/note-dinformation-sur-les-nouvelles-dispositions-relatives-aux-demandes-de-visa\\\/\",\"url\":\"https:\\\/\\\/botschaft-senegal.de\\\/2025\\\/08\\\/note-dinformation-sur-les-nouvelles-dispositions-relatives-aux-demandes-de-visa\\\/\",\"name\":\"Note d\u00b4information sur les nouvelles dispositions relatives aux demandes de visa - Ambassade du S&eacute;n&eacute;gal en Allemagne\",\"isPartOf\":{\"@id\":\"https:\\\/\\\/botschaft-senega-r4b19ptaoc.live-website.com\\\/#website\"},\"primaryImageOfPage\":{\"@id\":\"https:\\\/\\\/botschaft-senegal.de\\\/2025\\\/08\\\/note-dinformation-sur-les-nouvelles-dispositions-relatives-aux-demandes-de-visa\\\/#primaryimage\"},\"image\":{\"@id\":\"https:\\\/\\\/botschaft-senegal.de\\\/2025\\\/08\\\/note-dinformation-sur-les-nouvelles-dispositions-relatives-aux-demandes-de-visa\\\/#primaryimage\"},\"thumbnailUrl\":\"https:\\\/\\\/botschaft-senegal.de\\\/wp-content\\\/uploads\\\/2025\\\/08\\\/Note-dInformation.png\",\"datePublished\":\"2025-08-26T10:21:47+00:00\",\"dateModified\":\"2025-08-26T10:28:58+00:00\",\"description\":\"Communiqu\u00e9 - Publication de l'Ambassade - Informations pour les usagers --- Pressemitteilung - Ver\u00f6ffentlichung der Botschaft - Informationen f\u00fcr Benutzer --- Press release - Embassy publication - News\",\"breadcrumb\":{\"@id\":\"https:\\\/\\\/botschaft-senegal.de\\\/2025\\\/08\\\/note-dinformation-sur-les-nouvelles-dispositions-relatives-aux-demandes-de-visa\\\/#breadcrumb\"},\"inLanguage\":\"de\",\"potentialAction\":[{\"@type\":\"ReadAction\",\"target\":[\"https:\\\/\\\/botschaft-senegal.de\\\/2025\\\/08\\\/note-dinformation-sur-les-nouvelles-dispositions-relatives-aux-demandes-de-visa\\\/\"]}]},{\"@type\":\"ImageObject\",\"inLanguage\":\"de\",\"@id\":\"https:\\\/\\\/botschaft-senegal.de\\\/2025\\\/08\\\/note-dinformation-sur-les-nouvelles-dispositions-relatives-aux-demandes-de-visa\\\/#primaryimage\",\"url\":\"https:\\\/\\\/botschaft-senegal.de\\\/wp-content\\\/uploads\\\/2025\\\/08\\\/Note-dInformation.png\",\"contentUrl\":\"https:\\\/\\\/botschaft-senegal.de\\\/wp-content\\\/uploads\\\/2025\\\/08\\\/Note-dInformation.png\",\"width\":802,\"height\":860},{\"@type\":\"BreadcrumbList\",\"@id\":\"https:\\\/\\\/botschaft-senegal.de\\\/2025\\\/08\\\/note-dinformation-sur-les-nouvelles-dispositions-relatives-aux-demandes-de-visa\\\/#breadcrumb\",\"itemListElement\":[{\"@type\":\"ListItem\",\"position\":1,\"name\":\"Accueil\",\"item\":\"https:\\\/\\\/botschaft-senegal.de\\\/\"},{\"@type\":\"ListItem\",\"position\":2,\"name\":\"Note d\u00b4information sur les nouvelles dispositions relatives aux demandes de visa\"}]},{\"@type\":\"WebSite\",\"@id\":\"https:\\\/\\\/botschaft-senega-r4b19ptaoc.live-website.com\\\/#website\",\"url\":\"https:\\\/\\\/botschaft-senega-r4b19ptaoc.live-website.com\\\/\",\"name\":\"Ambassade du S\u00e9n\u00e9gal \u00e0 Berlin\",\"description\":\"Ambassade du S&eacute;n&eacute;gal &agrave; Berlin\",\"publisher\":{\"@id\":\"https:\\\/\\\/botschaft-senega-r4b19ptaoc.live-website.com\\\/#organization\"},\"alternateName\":\"Botschaft Senegal\",\"potentialAction\":[{\"@type\":\"SearchAction\",\"target\":{\"@type\":\"EntryPoint\",\"urlTemplate\":\"https:\\\/\\\/botschaft-senega-r4b19ptaoc.live-website.com\\\/?s={search_term_string}\"},\"query-input\":{\"@type\":\"PropertyValueSpecification\",\"valueRequired\":true,\"valueName\":\"search_term_string\"}}],\"inLanguage\":\"de\"},{\"@type\":\"Organization\",\"@id\":\"https:\\\/\\\/botschaft-senega-r4b19ptaoc.live-website.com\\\/#organization\",\"name\":\"Ambassade du S\u00e9n\u00e9gal \u00e0 Berlin - Botschaft Senegal\",\"alternateName\":\"Botschaft senegal\",\"url\":\"https:\\\/\\\/botschaft-senega-r4b19ptaoc.live-website.com\\\/\",\"logo\":{\"@type\":\"ImageObject\",\"inLanguage\":\"de\",\"@id\":\"https:\\\/\\\/botschaft-senega-r4b19ptaoc.live-website.com\\\/#\\\/schema\\\/logo\\\/image\\\/\",\"url\":\"https:\\\/\\\/botschaft-senegal.de\\\/wp-content\\\/uploads\\\/2023\\\/07\\\/logo.svg.png\",\"contentUrl\":\"https:\\\/\\\/botschaft-senegal.de\\\/wp-content\\\/uploads\\\/2023\\\/07\\\/logo.svg.png\",\"width\":200,\"height\":237,\"caption\":\"Ambassade du S\u00e9n\u00e9gal \u00e0 Berlin - Botschaft Senegal\"},\"image\":{\"@id\":\"https:\\\/\\\/botschaft-senega-r4b19ptaoc.live-website.com\\\/#\\\/schema\\\/logo\\\/image\\\/\"}},{\"@type\":\"Person\",\"@id\":\"https:\\\/\\\/botschaft-senega-r4b19ptaoc.live-website.com\\\/#\\\/schema\\\/person\\\/2d5805967152c960961d15edfebf4914\",\"name\":\"Website Manager\",\"image\":{\"@type\":\"ImageObject\",\"inLanguage\":\"de\",\"@id\":\"https:\\\/\\\/secure.gravatar.com\\\/avatar\\\/46450d06865004f14fe4e6cc6e65687dd36f0a9e89b7ad174b8bee378a49d58d?s=96&d=mm&r=g\",\"url\":\"https:\\\/\\\/secure.gravatar.com\\\/avatar\\\/46450d06865004f14fe4e6cc6e65687dd36f0a9e89b7ad174b8bee378a49d58d?s=96&d=mm&r=g\",\"contentUrl\":\"https:\\\/\\\/secure.gravatar.com\\\/avatar\\\/46450d06865004f14fe4e6cc6e65687dd36f0a9e89b7ad174b8bee378a49d58d?s=96&d=mm&r=g\",\"caption\":\"Website Manager\"},\"url\":\"https:\\\/\\\/botschaft-senegal.de\\\/de\\\/author\\\/secretaire-traductrice\\\/\"}]}<\/script>\n<!-- \/ Yoast SEO plugin. -->","yoast_head_json":{"title":"Note d\u00b4information sur les nouvelles dispositions relatives aux demandes de visa - Ambassade du S&eacute;n&eacute;gal en Allemagne","description":"Communiqu\u00e9 - Publication de l'Ambassade - Informations pour les usagers --- Pressemitteilung - Ver\u00f6ffentlichung der Botschaft - Informationen f\u00fcr Benutzer --- Press release - Embassy publication - News","robots":{"index":"index","follow":"follow","max-snippet":"max-snippet:-1","max-image-preview":"max-image-preview:large","max-video-preview":"max-video-preview:-1"},"canonical":"https:\/\/botschaft-senegal.de\/de\/2025\/08\/note-dinformation-sur-les-nouvelles-dispositions-relatives-aux-demandes-de-visa\/","og_locale":"de_DE","og_type":"article","og_title":"Note d\u00b4information sur les nouvelles dispositions relatives aux demandes de visa - Ambassade du S&eacute;n&eacute;gal en Allemagne","og_description":"Communiqu\u00e9 - Publication de l'Ambassade - Informations pour les usagers --- Pressemitteilung - Ver\u00f6ffentlichung der Botschaft - Informationen f\u00fcr Benutzer --- Press release - Embassy publication - News","og_url":"https:\/\/botschaft-senegal.de\/de\/2025\/08\/note-dinformation-sur-les-nouvelles-dispositions-relatives-aux-demandes-de-visa\/","og_site_name":"Ambassade du S&eacute;n&eacute;gal en Allemagne","article_published_time":"2025-08-26T10:21:47+00:00","article_modified_time":"2025-08-26T10:28:58+00:00","og_image":[{"width":802,"height":860,"url":"https:\/\/botschaft-senegal.de\/wp-content\/uploads\/2025\/08\/Note-dInformation.png","type":"image\/png"}],"author":"Website Manager","twitter_card":"summary_large_image","twitter_misc":{"Verfasst von":"Website Manager","Gesch\u00e4tzte Lesezeit":"3 Minuten"},"schema":{"@context":"https:\/\/schema.org","@graph":[{"@type":"Article","@id":"https:\/\/botschaft-senegal.de\/2025\/08\/note-dinformation-sur-les-nouvelles-dispositions-relatives-aux-demandes-de-visa\/#article","isPartOf":{"@id":"https:\/\/botschaft-senegal.de\/2025\/08\/note-dinformation-sur-les-nouvelles-dispositions-relatives-aux-demandes-de-visa\/"},"author":{"name":"Website Manager","@id":"https:\/\/botschaft-senega-r4b19ptaoc.live-website.com\/#\/schema\/person\/2d5805967152c960961d15edfebf4914"},"headline":"Note d\u00b4information sur les nouvelles dispositions relatives aux demandes de visa","datePublished":"2025-08-26T10:21:47+00:00","dateModified":"2025-08-26T10:28:58+00:00","mainEntityOfPage":{"@id":"https:\/\/botschaft-senegal.de\/2025\/08\/note-dinformation-sur-les-nouvelles-dispositions-relatives-aux-demandes-de-visa\/"},"wordCount":413,"publisher":{"@id":"https:\/\/botschaft-senega-r4b19ptaoc.live-website.com\/#organization"},"image":{"@id":"https:\/\/botschaft-senegal.de\/2025\/08\/note-dinformation-sur-les-nouvelles-dispositions-relatives-aux-demandes-de-visa\/#primaryimage"},"thumbnailUrl":"https:\/\/botschaft-senegal.de\/wp-content\/uploads\/2025\/08\/Note-dInformation.png","articleSection":["Communiqu\u00e9","Diplomatie"],"inLanguage":"de"},{"@type":"WebPage","@id":"https:\/\/botschaft-senegal.de\/2025\/08\/note-dinformation-sur-les-nouvelles-dispositions-relatives-aux-demandes-de-visa\/","url":"https:\/\/botschaft-senegal.de\/2025\/08\/note-dinformation-sur-les-nouvelles-dispositions-relatives-aux-demandes-de-visa\/","name":"Note d\u00b4information sur les nouvelles dispositions relatives aux demandes de visa - Ambassade du S&eacute;n&eacute;gal en Allemagne","isPartOf":{"@id":"https:\/\/botschaft-senega-r4b19ptaoc.live-website.com\/#website"},"primaryImageOfPage":{"@id":"https:\/\/botschaft-senegal.de\/2025\/08\/note-dinformation-sur-les-nouvelles-dispositions-relatives-aux-demandes-de-visa\/#primaryimage"},"image":{"@id":"https:\/\/botschaft-senegal.de\/2025\/08\/note-dinformation-sur-les-nouvelles-dispositions-relatives-aux-demandes-de-visa\/#primaryimage"},"thumbnailUrl":"https:\/\/botschaft-senegal.de\/wp-content\/uploads\/2025\/08\/Note-dInformation.png","datePublished":"2025-08-26T10:21:47+00:00","dateModified":"2025-08-26T10:28:58+00:00","description":"Communiqu\u00e9 - Publication de l'Ambassade - Informations pour les usagers --- Pressemitteilung - Ver\u00f6ffentlichung der Botschaft - Informationen f\u00fcr Benutzer --- Press release - Embassy publication - News","breadcrumb":{"@id":"https:\/\/botschaft-senegal.de\/2025\/08\/note-dinformation-sur-les-nouvelles-dispositions-relatives-aux-demandes-de-visa\/#breadcrumb"},"inLanguage":"de","potentialAction":[{"@type":"ReadAction","target":["https:\/\/botschaft-senegal.de\/2025\/08\/note-dinformation-sur-les-nouvelles-dispositions-relatives-aux-demandes-de-visa\/"]}]},{"@type":"ImageObject","inLanguage":"de","@id":"https:\/\/botschaft-senegal.de\/2025\/08\/note-dinformation-sur-les-nouvelles-dispositions-relatives-aux-demandes-de-visa\/#primaryimage","url":"https:\/\/botschaft-senegal.de\/wp-content\/uploads\/2025\/08\/Note-dInformation.png","contentUrl":"https:\/\/botschaft-senegal.de\/wp-content\/uploads\/2025\/08\/Note-dInformation.png","width":802,"height":860},{"@type":"BreadcrumbList","@id":"https:\/\/botschaft-senegal.de\/2025\/08\/note-dinformation-sur-les-nouvelles-dispositions-relatives-aux-demandes-de-visa\/#breadcrumb","itemListElement":[{"@type":"ListItem","position":1,"name":"Accueil","item":"https:\/\/botschaft-senegal.de\/"},{"@type":"ListItem","position":2,"name":"Note d\u00b4information sur les nouvelles dispositions relatives aux demandes de visa"}]},{"@type":"WebSite","@id":"https:\/\/botschaft-senega-r4b19ptaoc.live-website.com\/#website","url":"https:\/\/botschaft-senega-r4b19ptaoc.live-website.com\/","name":"Ambassade du S\u00e9n\u00e9gal \u00e0 Berlin","description":"Ambassade du S&eacute;n&eacute;gal &agrave; Berlin","publisher":{"@id":"https:\/\/botschaft-senega-r4b19ptaoc.live-website.com\/#organization"},"alternateName":"Botschaft Senegal","potentialAction":[{"@type":"SearchAction","target":{"@type":"EntryPoint","urlTemplate":"https:\/\/botschaft-senega-r4b19ptaoc.live-website.com\/?s={search_term_string}"},"query-input":{"@type":"PropertyValueSpecification","valueRequired":true,"valueName":"search_term_string"}}],"inLanguage":"de"},{"@type":"Organization","@id":"https:\/\/botschaft-senega-r4b19ptaoc.live-website.com\/#organization","name":"Ambassade du S\u00e9n\u00e9gal \u00e0 Berlin - Botschaft Senegal","alternateName":"Botschaft senegal","url":"https:\/\/botschaft-senega-r4b19ptaoc.live-website.com\/","logo":{"@type":"ImageObject","inLanguage":"de","@id":"https:\/\/botschaft-senega-r4b19ptaoc.live-website.com\/#\/schema\/logo\/image\/","url":"https:\/\/botschaft-senegal.de\/wp-content\/uploads\/2023\/07\/logo.svg.png","contentUrl":"https:\/\/botschaft-senegal.de\/wp-content\/uploads\/2023\/07\/logo.svg.png","width":200,"height":237,"caption":"Ambassade du S\u00e9n\u00e9gal \u00e0 Berlin - Botschaft Senegal"},"image":{"@id":"https:\/\/botschaft-senega-r4b19ptaoc.live-website.com\/#\/schema\/logo\/image\/"}},{"@type":"Person","@id":"https:\/\/botschaft-senega-r4b19ptaoc.live-website.com\/#\/schema\/person\/2d5805967152c960961d15edfebf4914","name":"Website Manager","image":{"@type":"ImageObject","inLanguage":"de","@id":"https:\/\/secure.gravatar.com\/avatar\/46450d06865004f14fe4e6cc6e65687dd36f0a9e89b7ad174b8bee378a49d58d?s=96&d=mm&r=g","url":"https:\/\/secure.gravatar.com\/avatar\/46450d06865004f14fe4e6cc6e65687dd36f0a9e89b7ad174b8bee378a49d58d?s=96&d=mm&r=g","contentUrl":"https:\/\/secure.gravatar.com\/avatar\/46450d06865004f14fe4e6cc6e65687dd36f0a9e89b7ad174b8bee378a49d58d?s=96&d=mm&r=g","caption":"Website Manager"},"url":"https:\/\/botschaft-senegal.de\/de\/author\/secretaire-traductrice\/"}]}},"_links":{"self":[{"href":"https:\/\/botschaft-senegal.de\/de\/wp-json\/wp\/v2\/posts\/1259","targetHints":{"allow":["GET"]}}],"collection":[{"href":"https:\/\/botschaft-senegal.de\/de\/wp-json\/wp\/v2\/posts"}],"about":[{"href":"https:\/\/botschaft-senegal.de\/de\/wp-json\/wp\/v2\/types\/post"}],"author":[{"embeddable":true,"href":"https:\/\/botschaft-senegal.de\/de\/wp-json\/wp\/v2\/users\/2"}],"replies":[{"embeddable":true,"href":"https:\/\/botschaft-senegal.de\/de\/wp-json\/wp\/v2\/comments?post=1259"}],"version-history":[{"count":4,"href":"https:\/\/botschaft-senegal.de\/de\/wp-json\/wp\/v2\/posts\/1259\/revisions"}],"predecessor-version":[{"id":1267,"href":"https:\/\/botschaft-senegal.de\/de\/wp-json\/wp\/v2\/posts\/1259\/revisions\/1267"}],"wp:featuredmedia":[{"embeddable":true,"href":"https:\/\/botschaft-senegal.de\/de\/wp-json\/wp\/v2\/media\/1260"}],"wp:attachment":[{"href":"https:\/\/botschaft-senegal.de\/de\/wp-json\/wp\/v2\/media?parent=1259"}],"wp:term":[{"taxonomy":"category","embeddable":true,"href":"https:\/\/botschaft-senegal.de\/de\/wp-json\/wp\/v2\/categories?post=1259"},{"taxonomy":"post_tag","embeddable":true,"href":"https:\/\/botschaft-senegal.de\/de\/wp-json\/wp\/v2\/tags?post=1259"}],"curies":[{"name":"wp","href":"https:\/\/api.w.org\/{rel}","templated":true}]}}