{"id":1302,"date":"2025-11-11T14:27:07","date_gmt":"2025-11-11T13:27:07","guid":{"rendered":"https:\/\/botschaft-senegal.de\/?p=1302"},"modified":"2025-11-28T16:40:55","modified_gmt":"2025-11-28T15:40:55","slug":"mission-consulaire-a-stuttgart","status":"publish","type":"post","link":"https:\/\/botschaft-senegal.de\/de\/2025\/11\/mission-consulaire-a-stuttgart\/","title":{"rendered":"MISSION CONSULAIRE A STUTTGART DU 04 AU 06 DECEMBRE 2025"},"content":{"rendered":"<p>Dans le cadre de sa gestion des compatriotes r\u00e9sidant en Allemagne, l&rsquo;Ambassade de la R\u00e9publique du S\u00e9n\u00e9gal en Allemagne tiendra une mission consulaire <strong>\u00e0 Stuttgart du 04 au 06 d\u00e9cembre 2025.<\/strong><\/p>\n\n\n\n<p>Les compatriotes d\u00e9sireux de se faire enr\u00f4ler (d\u00e9p\u00f4t ou renouvellement de passeport), \u00e9tablir des cartes consulaires ou des extraits d\u2019actes de naissance, sont pri\u00e9s de se rendre \u00e0 l\u2019adresse suivante\u00a0: <strong>A and O Hotel Stuttgart City, <a href=\"https:\/\/www.google.com\/maps\/place\/\/data=!4m2!3m1!1s0x4799c4d4f8bc2769:0x2de8825491b50e9a?sa=X&amp;ved=1t:8290&amp;ictx=111\">Rosensteinstra\u00dfe 14\/16, 70191 Stuttgart<\/a> , <\/strong>les 04 et 05 d\u00e9cembre de 09h \u00e0 18h.<\/p>\n\n\n\n<p>La rencontre entre l\u2019Ambassadeur et la communaut\u00e9 s\u00e9n\u00e9galaise de Stuttgart aura lieu le samedi 06 decembre 2025 de 11h \u00e0 13h dans la m\u00eame salle.<\/p>\n\n\n\n<p>Je vous prie de bien vouloir assurer une large diffusion de cette communication aupr\u00e8s de la Communaut\u00e9 s\u00e9n\u00e9galaise \u00e9tablie \u00e0 Stuttgart et environs.<\/p>\n\n\n\n<p>Ambassade du Senegal a Berlin, <\/p>\n\n\n\n<p>Publi\u00e9 le 28 novembre 2025<\/p>\n\n\n\n<p>Klingelh\u00f6ferstrasse 5, 10785 Berlin, Allemagne. T\u00e9l.&nbsp;: +49 (30) 856 219-0. <\/p>\n\n\n\n<figure class=\"wp-block-image size-large is-resized\"><img loading=\"lazy\" decoding=\"async\" width=\"720\" height=\"1024\" src=\"https:\/\/botschaft-senegal.de\/wp-content\/uploads\/2025\/11\/Screenshot_20251128_162529_Drive-720x1024.jpg\" alt=\"\" class=\"wp-image-1328\" style=\"width:589px;height:auto\" srcset=\"https:\/\/botschaft-senegal.de\/wp-content\/uploads\/2025\/11\/Screenshot_20251128_162529_Drive-720x1024.jpg 720w, https:\/\/botschaft-senegal.de\/wp-content\/uploads\/2025\/11\/Screenshot_20251128_162529_Drive-211x300.jpg 211w, https:\/\/botschaft-senegal.de\/wp-content\/uploads\/2025\/11\/Screenshot_20251128_162529_Drive-768x1092.jpg 768w, https:\/\/botschaft-senegal.de\/wp-content\/uploads\/2025\/11\/Screenshot_20251128_162529_Drive-8x12.jpg 8w, https:\/\/botschaft-senegal.de\/wp-content\/uploads\/2025\/11\/Screenshot_20251128_162529_Drive.jpg 921w\" sizes=\"auto, (max-width: 720px) 100vw, 720px\" \/><\/figure>","protected":false},"excerpt":{"rendered":"<p>Dans le cadre de sa gestion des compatriotes r\u00e9sidant en Allemagne, l&rsquo;Ambassade de la R\u00e9publique du S\u00e9n\u00e9gal en Allemagne tiendra une mission consulaire \u00e0 Stuttgart du 04 au 06 d\u00e9cembre 2025. Les compatriotes d\u00e9sireux de se faire enr\u00f4ler (d\u00e9p\u00f4t ou renouvellement de passeport), \u00e9tablir des cartes consulaires ou des extraits d\u2019actes de naissance, sont pri\u00e9s [&hellip;]<\/p>\n","protected":false},"author":2,"featured_media":1328,"comment_status":"closed","ping_status":"open","sticky":false,"template":"","format":"standard","meta":{"footnotes":""},"categories":[4,9],"tags":[],"class_list":["post-1302","post","type-post","status-publish","format-standard","has-post-thumbnail","hentry","category-communique","category-diaspora"],"blocksy_meta":[],"yoast_head":"<!-- This site is optimized with the Yoast SEO plugin v27.5 - https:\/\/yoast.com\/product\/yoast-seo-wordpress\/ -->\n<title>MISSION CONSULAIRE A STUTTGART DU 04 AU 06 DECEMBRE 2025 - Ambassade du S&eacute;n&eacute;gal en Allemagne<\/title>\n<meta name=\"description\" content=\"Communiqu\u00e9 - Publication de l&#039;Ambassade - Informations pour les usagers --- Pressemitteilung - Ver\u00f6ffentlichung der Botschaft - Informationen f\u00fcr Benutzer --- Press release - Embassy publication - News\" \/>\n<meta name=\"robots\" content=\"index, follow, max-snippet:-1, max-image-preview:large, max-video-preview:-1\" \/>\n<link rel=\"canonical\" href=\"https:\/\/botschaft-senegal.de\/de\/2025\/11\/mission-consulaire-a-stuttgart\/\" \/>\n<meta property=\"og:locale\" content=\"de_DE\" \/>\n<meta property=\"og:type\" content=\"article\" \/>\n<meta property=\"og:title\" content=\"MISSION CONSULAIRE A STUTTGART DU 04 AU 06 DECEMBRE 2025 - Ambassade du S&eacute;n&eacute;gal en Allemagne\" \/>\n<meta property=\"og:description\" content=\"Communiqu\u00e9 - Publication de l&#039;Ambassade - Informations pour les usagers --- Pressemitteilung - Ver\u00f6ffentlichung der Botschaft - Informationen f\u00fcr Benutzer --- Press release - Embassy publication - News\" \/>\n<meta property=\"og:url\" content=\"https:\/\/botschaft-senegal.de\/de\/2025\/11\/mission-consulaire-a-stuttgart\/\" \/>\n<meta property=\"og:site_name\" content=\"Ambassade du S&eacute;n&eacute;gal en Allemagne\" \/>\n<meta property=\"article:published_time\" content=\"2025-11-11T13:27:07+00:00\" \/>\n<meta property=\"article:modified_time\" content=\"2025-11-28T15:40:55+00:00\" \/>\n<meta property=\"og:image\" content=\"https:\/\/botschaft-senegal.de\/wp-content\/uploads\/2025\/11\/Screenshot_20251128_162529_Drive.jpg\" \/>\n\t<meta property=\"og:image:width\" content=\"921\" \/>\n\t<meta property=\"og:image:height\" content=\"1310\" \/>\n\t<meta property=\"og:image:type\" content=\"image\/jpeg\" \/>\n<meta name=\"author\" content=\"Website Manager\" \/>\n<meta name=\"twitter:card\" content=\"summary_large_image\" \/>\n<meta name=\"twitter:label1\" content=\"Verfasst von\" \/>\n\t<meta name=\"twitter:data1\" content=\"Website Manager\" \/>\n\t<meta name=\"twitter:label2\" content=\"Gesch\u00e4tzte Lesezeit\" \/>\n\t<meta name=\"twitter:data2\" content=\"2 Minuten\" \/>\n<script type=\"application\/ld+json\" class=\"yoast-schema-graph\">{\"@context\":\"https:\\\/\\\/schema.org\",\"@graph\":[{\"@type\":\"Article\",\"@id\":\"https:\\\/\\\/botschaft-senegal.de\\\/2025\\\/11\\\/mission-consulaire-a-stuttgart\\\/#article\",\"isPartOf\":{\"@id\":\"https:\\\/\\\/botschaft-senegal.de\\\/2025\\\/11\\\/mission-consulaire-a-stuttgart\\\/\"},\"author\":{\"name\":\"Website Manager\",\"@id\":\"https:\\\/\\\/botschaft-senega-r4b19ptaoc.live-website.com\\\/#\\\/schema\\\/person\\\/2d5805967152c960961d15edfebf4914\"},\"headline\":\"MISSION CONSULAIRE A STUTTGART DU 04 AU 06 DECEMBRE 2025\",\"datePublished\":\"2025-11-11T13:27:07+00:00\",\"dateModified\":\"2025-11-28T15:40:55+00:00\",\"mainEntityOfPage\":{\"@id\":\"https:\\\/\\\/botschaft-senegal.de\\\/2025\\\/11\\\/mission-consulaire-a-stuttgart\\\/\"},\"wordCount\":158,\"publisher\":{\"@id\":\"https:\\\/\\\/botschaft-senega-r4b19ptaoc.live-website.com\\\/#organization\"},\"image\":{\"@id\":\"https:\\\/\\\/botschaft-senegal.de\\\/2025\\\/11\\\/mission-consulaire-a-stuttgart\\\/#primaryimage\"},\"thumbnailUrl\":\"https:\\\/\\\/botschaft-senegal.de\\\/wp-content\\\/uploads\\\/2025\\\/11\\\/Screenshot_20251128_162529_Drive.jpg\",\"articleSection\":[\"Communiqu\u00e9\",\"Diaspora\"],\"inLanguage\":\"de\"},{\"@type\":\"WebPage\",\"@id\":\"https:\\\/\\\/botschaft-senegal.de\\\/2025\\\/11\\\/mission-consulaire-a-stuttgart\\\/\",\"url\":\"https:\\\/\\\/botschaft-senegal.de\\\/2025\\\/11\\\/mission-consulaire-a-stuttgart\\\/\",\"name\":\"MISSION CONSULAIRE A STUTTGART DU 04 AU 06 DECEMBRE 2025 - Ambassade du S&eacute;n&eacute;gal en Allemagne\",\"isPartOf\":{\"@id\":\"https:\\\/\\\/botschaft-senega-r4b19ptaoc.live-website.com\\\/#website\"},\"primaryImageOfPage\":{\"@id\":\"https:\\\/\\\/botschaft-senegal.de\\\/2025\\\/11\\\/mission-consulaire-a-stuttgart\\\/#primaryimage\"},\"image\":{\"@id\":\"https:\\\/\\\/botschaft-senegal.de\\\/2025\\\/11\\\/mission-consulaire-a-stuttgart\\\/#primaryimage\"},\"thumbnailUrl\":\"https:\\\/\\\/botschaft-senegal.de\\\/wp-content\\\/uploads\\\/2025\\\/11\\\/Screenshot_20251128_162529_Drive.jpg\",\"datePublished\":\"2025-11-11T13:27:07+00:00\",\"dateModified\":\"2025-11-28T15:40:55+00:00\",\"description\":\"Communiqu\u00e9 - Publication de l'Ambassade - Informations pour les usagers --- Pressemitteilung - Ver\u00f6ffentlichung der Botschaft - Informationen f\u00fcr Benutzer --- Press release - Embassy publication - News\",\"breadcrumb\":{\"@id\":\"https:\\\/\\\/botschaft-senegal.de\\\/2025\\\/11\\\/mission-consulaire-a-stuttgart\\\/#breadcrumb\"},\"inLanguage\":\"de\",\"potentialAction\":[{\"@type\":\"ReadAction\",\"target\":[\"https:\\\/\\\/botschaft-senegal.de\\\/2025\\\/11\\\/mission-consulaire-a-stuttgart\\\/\"]}]},{\"@type\":\"ImageObject\",\"inLanguage\":\"de\",\"@id\":\"https:\\\/\\\/botschaft-senegal.de\\\/2025\\\/11\\\/mission-consulaire-a-stuttgart\\\/#primaryimage\",\"url\":\"https:\\\/\\\/botschaft-senegal.de\\\/wp-content\\\/uploads\\\/2025\\\/11\\\/Screenshot_20251128_162529_Drive.jpg\",\"contentUrl\":\"https:\\\/\\\/botschaft-senegal.de\\\/wp-content\\\/uploads\\\/2025\\\/11\\\/Screenshot_20251128_162529_Drive.jpg\",\"width\":921,\"height\":1310},{\"@type\":\"BreadcrumbList\",\"@id\":\"https:\\\/\\\/botschaft-senegal.de\\\/2025\\\/11\\\/mission-consulaire-a-stuttgart\\\/#breadcrumb\",\"itemListElement\":[{\"@type\":\"ListItem\",\"position\":1,\"name\":\"Accueil\",\"item\":\"https:\\\/\\\/botschaft-senegal.de\\\/\"},{\"@type\":\"ListItem\",\"position\":2,\"name\":\"MISSION CONSULAIRE A STUTTGART DU 04 AU 06 DECEMBRE 2025\"}]},{\"@type\":\"WebSite\",\"@id\":\"https:\\\/\\\/botschaft-senega-r4b19ptaoc.live-website.com\\\/#website\",\"url\":\"https:\\\/\\\/botschaft-senega-r4b19ptaoc.live-website.com\\\/\",\"name\":\"Ambassade du S\u00e9n\u00e9gal \u00e0 Berlin\",\"description\":\"Ambassade du S&eacute;n&eacute;gal &agrave; Berlin\",\"publisher\":{\"@id\":\"https:\\\/\\\/botschaft-senega-r4b19ptaoc.live-website.com\\\/#organization\"},\"alternateName\":\"Botschaft Senegal\",\"potentialAction\":[{\"@type\":\"SearchAction\",\"target\":{\"@type\":\"EntryPoint\",\"urlTemplate\":\"https:\\\/\\\/botschaft-senega-r4b19ptaoc.live-website.com\\\/?s={search_term_string}\"},\"query-input\":{\"@type\":\"PropertyValueSpecification\",\"valueRequired\":true,\"valueName\":\"search_term_string\"}}],\"inLanguage\":\"de\"},{\"@type\":\"Organization\",\"@id\":\"https:\\\/\\\/botschaft-senega-r4b19ptaoc.live-website.com\\\/#organization\",\"name\":\"Ambassade du S\u00e9n\u00e9gal \u00e0 Berlin - Botschaft Senegal\",\"alternateName\":\"Botschaft senegal\",\"url\":\"https:\\\/\\\/botschaft-senega-r4b19ptaoc.live-website.com\\\/\",\"logo\":{\"@type\":\"ImageObject\",\"inLanguage\":\"de\",\"@id\":\"https:\\\/\\\/botschaft-senega-r4b19ptaoc.live-website.com\\\/#\\\/schema\\\/logo\\\/image\\\/\",\"url\":\"https:\\\/\\\/botschaft-senegal.de\\\/wp-content\\\/uploads\\\/2023\\\/07\\\/logo.svg.png\",\"contentUrl\":\"https:\\\/\\\/botschaft-senegal.de\\\/wp-content\\\/uploads\\\/2023\\\/07\\\/logo.svg.png\",\"width\":200,\"height\":237,\"caption\":\"Ambassade du S\u00e9n\u00e9gal \u00e0 Berlin - Botschaft Senegal\"},\"image\":{\"@id\":\"https:\\\/\\\/botschaft-senega-r4b19ptaoc.live-website.com\\\/#\\\/schema\\\/logo\\\/image\\\/\"}},{\"@type\":\"Person\",\"@id\":\"https:\\\/\\\/botschaft-senega-r4b19ptaoc.live-website.com\\\/#\\\/schema\\\/person\\\/2d5805967152c960961d15edfebf4914\",\"name\":\"Website Manager\",\"image\":{\"@type\":\"ImageObject\",\"inLanguage\":\"de\",\"@id\":\"https:\\\/\\\/secure.gravatar.com\\\/avatar\\\/46450d06865004f14fe4e6cc6e65687dd36f0a9e89b7ad174b8bee378a49d58d?s=96&d=mm&r=g\",\"url\":\"https:\\\/\\\/secure.gravatar.com\\\/avatar\\\/46450d06865004f14fe4e6cc6e65687dd36f0a9e89b7ad174b8bee378a49d58d?s=96&d=mm&r=g\",\"contentUrl\":\"https:\\\/\\\/secure.gravatar.com\\\/avatar\\\/46450d06865004f14fe4e6cc6e65687dd36f0a9e89b7ad174b8bee378a49d58d?s=96&d=mm&r=g\",\"caption\":\"Website Manager\"},\"url\":\"https:\\\/\\\/botschaft-senegal.de\\\/de\\\/author\\\/secretaire-traductrice\\\/\"}]}<\/script>\n<!-- \/ Yoast SEO plugin. -->","yoast_head_json":{"title":"MISSION CONSULAIRE A STUTTGART DU 04 AU 06 DECEMBRE 2025 - Ambassade du S&eacute;n&eacute;gal en Allemagne","description":"Communiqu\u00e9 - Publication de l'Ambassade - Informations pour les usagers --- Pressemitteilung - Ver\u00f6ffentlichung der Botschaft - Informationen f\u00fcr Benutzer --- Press release - Embassy publication - News","robots":{"index":"index","follow":"follow","max-snippet":"max-snippet:-1","max-image-preview":"max-image-preview:large","max-video-preview":"max-video-preview:-1"},"canonical":"https:\/\/botschaft-senegal.de\/de\/2025\/11\/mission-consulaire-a-stuttgart\/","og_locale":"de_DE","og_type":"article","og_title":"MISSION CONSULAIRE A STUTTGART DU 04 AU 06 DECEMBRE 2025 - Ambassade du S&eacute;n&eacute;gal en Allemagne","og_description":"Communiqu\u00e9 - Publication de l'Ambassade - Informations pour les usagers --- Pressemitteilung - Ver\u00f6ffentlichung der Botschaft - Informationen f\u00fcr Benutzer --- Press release - Embassy publication - News","og_url":"https:\/\/botschaft-senegal.de\/de\/2025\/11\/mission-consulaire-a-stuttgart\/","og_site_name":"Ambassade du S&eacute;n&eacute;gal en Allemagne","article_published_time":"2025-11-11T13:27:07+00:00","article_modified_time":"2025-11-28T15:40:55+00:00","og_image":[{"width":921,"height":1310,"url":"https:\/\/botschaft-senegal.de\/wp-content\/uploads\/2025\/11\/Screenshot_20251128_162529_Drive.jpg","type":"image\/jpeg"}],"author":"Website Manager","twitter_card":"summary_large_image","twitter_misc":{"Verfasst von":"Website Manager","Gesch\u00e4tzte Lesezeit":"2 Minuten"},"schema":{"@context":"https:\/\/schema.org","@graph":[{"@type":"Article","@id":"https:\/\/botschaft-senegal.de\/2025\/11\/mission-consulaire-a-stuttgart\/#article","isPartOf":{"@id":"https:\/\/botschaft-senegal.de\/2025\/11\/mission-consulaire-a-stuttgart\/"},"author":{"name":"Website Manager","@id":"https:\/\/botschaft-senega-r4b19ptaoc.live-website.com\/#\/schema\/person\/2d5805967152c960961d15edfebf4914"},"headline":"MISSION CONSULAIRE A STUTTGART DU 04 AU 06 DECEMBRE 2025","datePublished":"2025-11-11T13:27:07+00:00","dateModified":"2025-11-28T15:40:55+00:00","mainEntityOfPage":{"@id":"https:\/\/botschaft-senegal.de\/2025\/11\/mission-consulaire-a-stuttgart\/"},"wordCount":158,"publisher":{"@id":"https:\/\/botschaft-senega-r4b19ptaoc.live-website.com\/#organization"},"image":{"@id":"https:\/\/botschaft-senegal.de\/2025\/11\/mission-consulaire-a-stuttgart\/#primaryimage"},"thumbnailUrl":"https:\/\/botschaft-senegal.de\/wp-content\/uploads\/2025\/11\/Screenshot_20251128_162529_Drive.jpg","articleSection":["Communiqu\u00e9","Diaspora"],"inLanguage":"de"},{"@type":"WebPage","@id":"https:\/\/botschaft-senegal.de\/2025\/11\/mission-consulaire-a-stuttgart\/","url":"https:\/\/botschaft-senegal.de\/2025\/11\/mission-consulaire-a-stuttgart\/","name":"MISSION CONSULAIRE A STUTTGART DU 04 AU 06 DECEMBRE 2025 - Ambassade du S&eacute;n&eacute;gal en Allemagne","isPartOf":{"@id":"https:\/\/botschaft-senega-r4b19ptaoc.live-website.com\/#website"},"primaryImageOfPage":{"@id":"https:\/\/botschaft-senegal.de\/2025\/11\/mission-consulaire-a-stuttgart\/#primaryimage"},"image":{"@id":"https:\/\/botschaft-senegal.de\/2025\/11\/mission-consulaire-a-stuttgart\/#primaryimage"},"thumbnailUrl":"https:\/\/botschaft-senegal.de\/wp-content\/uploads\/2025\/11\/Screenshot_20251128_162529_Drive.jpg","datePublished":"2025-11-11T13:27:07+00:00","dateModified":"2025-11-28T15:40:55+00:00","description":"Communiqu\u00e9 - Publication de l'Ambassade - Informations pour les usagers --- Pressemitteilung - Ver\u00f6ffentlichung der Botschaft - Informationen f\u00fcr Benutzer --- Press release - Embassy publication - News","breadcrumb":{"@id":"https:\/\/botschaft-senegal.de\/2025\/11\/mission-consulaire-a-stuttgart\/#breadcrumb"},"inLanguage":"de","potentialAction":[{"@type":"ReadAction","target":["https:\/\/botschaft-senegal.de\/2025\/11\/mission-consulaire-a-stuttgart\/"]}]},{"@type":"ImageObject","inLanguage":"de","@id":"https:\/\/botschaft-senegal.de\/2025\/11\/mission-consulaire-a-stuttgart\/#primaryimage","url":"https:\/\/botschaft-senegal.de\/wp-content\/uploads\/2025\/11\/Screenshot_20251128_162529_Drive.jpg","contentUrl":"https:\/\/botschaft-senegal.de\/wp-content\/uploads\/2025\/11\/Screenshot_20251128_162529_Drive.jpg","width":921,"height":1310},{"@type":"BreadcrumbList","@id":"https:\/\/botschaft-senegal.de\/2025\/11\/mission-consulaire-a-stuttgart\/#breadcrumb","itemListElement":[{"@type":"ListItem","position":1,"name":"Accueil","item":"https:\/\/botschaft-senegal.de\/"},{"@type":"ListItem","position":2,"name":"MISSION CONSULAIRE A STUTTGART DU 04 AU 06 DECEMBRE 2025"}]},{"@type":"WebSite","@id":"https:\/\/botschaft-senega-r4b19ptaoc.live-website.com\/#website","url":"https:\/\/botschaft-senega-r4b19ptaoc.live-website.com\/","name":"Ambassade du S\u00e9n\u00e9gal \u00e0 Berlin","description":"Ambassade du S&eacute;n&eacute;gal &agrave; Berlin","publisher":{"@id":"https:\/\/botschaft-senega-r4b19ptaoc.live-website.com\/#organization"},"alternateName":"Botschaft Senegal","potentialAction":[{"@type":"SearchAction","target":{"@type":"EntryPoint","urlTemplate":"https:\/\/botschaft-senega-r4b19ptaoc.live-website.com\/?s={search_term_string}"},"query-input":{"@type":"PropertyValueSpecification","valueRequired":true,"valueName":"search_term_string"}}],"inLanguage":"de"},{"@type":"Organization","@id":"https:\/\/botschaft-senega-r4b19ptaoc.live-website.com\/#organization","name":"Ambassade du S\u00e9n\u00e9gal \u00e0 Berlin - Botschaft Senegal","alternateName":"Botschaft senegal","url":"https:\/\/botschaft-senega-r4b19ptaoc.live-website.com\/","logo":{"@type":"ImageObject","inLanguage":"de","@id":"https:\/\/botschaft-senega-r4b19ptaoc.live-website.com\/#\/schema\/logo\/image\/","url":"https:\/\/botschaft-senegal.de\/wp-content\/uploads\/2023\/07\/logo.svg.png","contentUrl":"https:\/\/botschaft-senegal.de\/wp-content\/uploads\/2023\/07\/logo.svg.png","width":200,"height":237,"caption":"Ambassade du S\u00e9n\u00e9gal \u00e0 Berlin - Botschaft Senegal"},"image":{"@id":"https:\/\/botschaft-senega-r4b19ptaoc.live-website.com\/#\/schema\/logo\/image\/"}},{"@type":"Person","@id":"https:\/\/botschaft-senega-r4b19ptaoc.live-website.com\/#\/schema\/person\/2d5805967152c960961d15edfebf4914","name":"Website Manager","image":{"@type":"ImageObject","inLanguage":"de","@id":"https:\/\/secure.gravatar.com\/avatar\/46450d06865004f14fe4e6cc6e65687dd36f0a9e89b7ad174b8bee378a49d58d?s=96&d=mm&r=g","url":"https:\/\/secure.gravatar.com\/avatar\/46450d06865004f14fe4e6cc6e65687dd36f0a9e89b7ad174b8bee378a49d58d?s=96&d=mm&r=g","contentUrl":"https:\/\/secure.gravatar.com\/avatar\/46450d06865004f14fe4e6cc6e65687dd36f0a9e89b7ad174b8bee378a49d58d?s=96&d=mm&r=g","caption":"Website Manager"},"url":"https:\/\/botschaft-senegal.de\/de\/author\/secretaire-traductrice\/"}]}},"_links":{"self":[{"href":"https:\/\/botschaft-senegal.de\/de\/wp-json\/wp\/v2\/posts\/1302","targetHints":{"allow":["GET"]}}],"collection":[{"href":"https:\/\/botschaft-senegal.de\/de\/wp-json\/wp\/v2\/posts"}],"about":[{"href":"https:\/\/botschaft-senegal.de\/de\/wp-json\/wp\/v2\/types\/post"}],"author":[{"embeddable":true,"href":"https:\/\/botschaft-senegal.de\/de\/wp-json\/wp\/v2\/users\/2"}],"replies":[{"embeddable":true,"href":"https:\/\/botschaft-senegal.de\/de\/wp-json\/wp\/v2\/comments?post=1302"}],"version-history":[{"count":9,"href":"https:\/\/botschaft-senegal.de\/de\/wp-json\/wp\/v2\/posts\/1302\/revisions"}],"predecessor-version":[{"id":1331,"href":"https:\/\/botschaft-senegal.de\/de\/wp-json\/wp\/v2\/posts\/1302\/revisions\/1331"}],"wp:featuredmedia":[{"embeddable":true,"href":"https:\/\/botschaft-senegal.de\/de\/wp-json\/wp\/v2\/media\/1328"}],"wp:attachment":[{"href":"https:\/\/botschaft-senegal.de\/de\/wp-json\/wp\/v2\/media?parent=1302"}],"wp:term":[{"taxonomy":"category","embeddable":true,"href":"https:\/\/botschaft-senegal.de\/de\/wp-json\/wp\/v2\/categories?post=1302"},{"taxonomy":"post_tag","embeddable":true,"href":"https:\/\/botschaft-senegal.de\/de\/wp-json\/wp\/v2\/tags?post=1302"}],"curies":[{"name":"wp","href":"https:\/\/api.w.org\/{rel}","templated":true}]}}