{"id":1341,"date":"2026-02-18T13:33:59","date_gmt":"2026-02-18T12:33:59","guid":{"rendered":"https:\/\/botschaft-senegal.de\/?p=1341"},"modified":"2026-02-18T13:34:00","modified_gmt":"2026-02-18T12:34:00","slug":"changement-horaire-durant-le-ramadan","status":"publish","type":"post","link":"https:\/\/botschaft-senegal.de\/de\/2026\/02\/changement-horaire-durant-le-ramadan\/","title":{"rendered":"Changement horaire durant le Ramadan"},"content":{"rendered":"<p>Il est port\u00e9 \u00e0 la connaissance de l&rsquo;ensemble du personnel de<br>l&rsquo;Ambassade et du public que les horaires de travail \u00e0 compter du jeudi<br>19 f\u00e9vrier 2026, en raison du Ramadan et pour sa dur\u00e9e, seront<br>modifi\u00e9s comme suit :<\/p>\n\n\n\n<ul class=\"wp-block-list\">\n<li>Du lundi au vendredi de 1OhOO \u00e0 15h30.<br>Les horaires habituels de travail reprendront le lundi 23 mars 2026.<\/li>\n<\/ul>\n\n\n\n<p><\/p>\n\n\n\n<p>Aufgrund des Ramadans werden die Offnungszeiten der Botschaft ab<br>dem 19 fe bru ar 2026. wie folgt sein: Montag bis Freitag von 1O. 00 bis<br>15.30 Uhr.<br>Die regularen Offnungszeiten werden am Montag, den 23. Marz 2026<br>wied er aufgenommen<\/p>\n\n\n\n<p><strong>Berlin, le 18 avril 2026<\/strong><\/p>\n\n\n\n<div data-wp-interactive=\"core\/file\" class=\"wp-block-file\"><object data-wp-bind--hidden=\"!state.hasPdfPreview\" hidden class=\"wp-block-file__embed\" data=\"https:\/\/botschaft-senegal.de\/wp-content\/uploads\/2026\/02\/NS-003-ASB-18-fev-2026.pdf\" type=\"application\/pdf\" style=\"width:100%;height:600px\" aria-label=\"Einbettung von NS-003-ASB--18--fev-2026.\"><\/object><a id=\"wp-block-file--media-b39669cc-c100-41d7-b2aa-37e7297fad02\" href=\"https:\/\/botschaft-senegal.de\/wp-content\/uploads\/2026\/02\/NS-003-ASB-18-fev-2026.pdf\">NS-003-ASB&#8211;18&#8211;fev-2026<\/a><a href=\"https:\/\/botschaft-senegal.de\/wp-content\/uploads\/2026\/02\/NS-003-ASB-18-fev-2026.pdf\" class=\"wp-block-file__button wp-element-button\" download aria-describedby=\"wp-block-file--media-b39669cc-c100-41d7-b2aa-37e7297fad02\">Herunterladen<\/a><\/div>","protected":false},"excerpt":{"rendered":"<p>Il est port\u00e9 \u00e0 la connaissance de l&rsquo;ensemble du personnel del&rsquo;Ambassade et du public que les horaires de travail \u00e0 compter du jeudi19 f\u00e9vrier 2026, en raison du Ramadan et pour sa dur\u00e9e, serontmodifi\u00e9s comme suit : Aufgrund des Ramadans werden die Offnungszeiten der Botschaft abdem 19 fe bru ar 2026. wie folgt sein: Montag [&hellip;]<\/p>\n","protected":false},"author":2,"featured_media":1343,"comment_status":"closed","ping_status":"open","sticky":false,"template":"","format":"standard","meta":{"footnotes":""},"categories":[4],"tags":[],"class_list":["post-1341","post","type-post","status-publish","format-standard","has-post-thumbnail","hentry","category-communique"],"blocksy_meta":[],"yoast_head":"<!-- This site is optimized with the Yoast SEO plugin v27.5 - https:\/\/yoast.com\/product\/yoast-seo-wordpress\/ -->\n<title>Changement horaire durant le Ramadan - Ambassade du S&eacute;n&eacute;gal en Allemagne<\/title>\n<meta name=\"description\" content=\"Communiqu\u00e9 - Publication de l&#039;Ambassade - Informations pour les usagers --- Pressemitteilung - Ver\u00f6ffentlichung der Botschaft - Informationen f\u00fcr Benutzer --- Press release - Embassy publication - News\" \/>\n<meta name=\"robots\" content=\"index, follow, max-snippet:-1, max-image-preview:large, max-video-preview:-1\" \/>\n<link rel=\"canonical\" href=\"https:\/\/botschaft-senegal.de\/de\/2026\/02\/changement-horaire-durant-le-ramadan\/\" \/>\n<meta property=\"og:locale\" content=\"de_DE\" \/>\n<meta property=\"og:type\" content=\"article\" \/>\n<meta property=\"og:title\" content=\"Changement horaire durant le Ramadan - Ambassade du S&eacute;n&eacute;gal en Allemagne\" \/>\n<meta property=\"og:description\" content=\"Communiqu\u00e9 - Publication de l&#039;Ambassade - Informations pour les usagers --- Pressemitteilung - Ver\u00f6ffentlichung der Botschaft - Informationen f\u00fcr Benutzer --- Press release - Embassy publication - News\" \/>\n<meta property=\"og:url\" content=\"https:\/\/botschaft-senegal.de\/de\/2026\/02\/changement-horaire-durant-le-ramadan\/\" \/>\n<meta property=\"og:site_name\" content=\"Ambassade du S&eacute;n&eacute;gal en Allemagne\" \/>\n<meta property=\"article:published_time\" content=\"2026-02-18T12:33:59+00:00\" \/>\n<meta property=\"article:modified_time\" content=\"2026-02-18T12:34:00+00:00\" \/>\n<meta property=\"og:image\" content=\"https:\/\/botschaft-senegal.de\/wp-content\/uploads\/2026\/02\/Avis-horaire-Ramadan-683x1024.png\" \/>\n\t<meta property=\"og:image:width\" content=\"683\" \/>\n\t<meta property=\"og:image:height\" content=\"1024\" \/>\n\t<meta property=\"og:image:type\" content=\"image\/png\" \/>\n<meta name=\"author\" content=\"Website Manager\" \/>\n<meta name=\"twitter:card\" content=\"summary_large_image\" \/>\n<meta name=\"twitter:label1\" content=\"Verfasst von\" \/>\n\t<meta name=\"twitter:data1\" content=\"Website Manager\" \/>\n\t<meta name=\"twitter:label2\" content=\"Gesch\u00e4tzte Lesezeit\" \/>\n\t<meta name=\"twitter:data2\" content=\"1 Minute\" \/>\n<script type=\"application\/ld+json\" class=\"yoast-schema-graph\">{\"@context\":\"https:\\\/\\\/schema.org\",\"@graph\":[{\"@type\":\"Article\",\"@id\":\"https:\\\/\\\/botschaft-senegal.de\\\/2026\\\/02\\\/changement-horaire-durant-le-ramadan\\\/#article\",\"isPartOf\":{\"@id\":\"https:\\\/\\\/botschaft-senegal.de\\\/2026\\\/02\\\/changement-horaire-durant-le-ramadan\\\/\"},\"author\":{\"name\":\"Website Manager\",\"@id\":\"https:\\\/\\\/botschaft-senega-r4b19ptaoc.live-website.com\\\/#\\\/schema\\\/person\\\/2d5805967152c960961d15edfebf4914\"},\"headline\":\"Changement horaire durant le Ramadan\",\"datePublished\":\"2026-02-18T12:33:59+00:00\",\"dateModified\":\"2026-02-18T12:34:00+00:00\",\"mainEntityOfPage\":{\"@id\":\"https:\\\/\\\/botschaft-senegal.de\\\/2026\\\/02\\\/changement-horaire-durant-le-ramadan\\\/\"},\"wordCount\":99,\"publisher\":{\"@id\":\"https:\\\/\\\/botschaft-senega-r4b19ptaoc.live-website.com\\\/#organization\"},\"image\":{\"@id\":\"https:\\\/\\\/botschaft-senegal.de\\\/2026\\\/02\\\/changement-horaire-durant-le-ramadan\\\/#primaryimage\"},\"thumbnailUrl\":\"https:\\\/\\\/botschaft-senegal.de\\\/wp-content\\\/uploads\\\/2026\\\/02\\\/Avis-horaire-Ramadan.png\",\"articleSection\":[\"Communiqu\u00e9\"],\"inLanguage\":\"de\"},{\"@type\":\"WebPage\",\"@id\":\"https:\\\/\\\/botschaft-senegal.de\\\/2026\\\/02\\\/changement-horaire-durant-le-ramadan\\\/\",\"url\":\"https:\\\/\\\/botschaft-senegal.de\\\/2026\\\/02\\\/changement-horaire-durant-le-ramadan\\\/\",\"name\":\"Changement horaire durant le Ramadan - Ambassade du S&eacute;n&eacute;gal en Allemagne\",\"isPartOf\":{\"@id\":\"https:\\\/\\\/botschaft-senega-r4b19ptaoc.live-website.com\\\/#website\"},\"primaryImageOfPage\":{\"@id\":\"https:\\\/\\\/botschaft-senegal.de\\\/2026\\\/02\\\/changement-horaire-durant-le-ramadan\\\/#primaryimage\"},\"image\":{\"@id\":\"https:\\\/\\\/botschaft-senegal.de\\\/2026\\\/02\\\/changement-horaire-durant-le-ramadan\\\/#primaryimage\"},\"thumbnailUrl\":\"https:\\\/\\\/botschaft-senegal.de\\\/wp-content\\\/uploads\\\/2026\\\/02\\\/Avis-horaire-Ramadan.png\",\"datePublished\":\"2026-02-18T12:33:59+00:00\",\"dateModified\":\"2026-02-18T12:34:00+00:00\",\"description\":\"Communiqu\u00e9 - Publication de l'Ambassade - Informations pour les usagers --- Pressemitteilung - Ver\u00f6ffentlichung der Botschaft - Informationen f\u00fcr Benutzer --- Press release - Embassy publication - News\",\"breadcrumb\":{\"@id\":\"https:\\\/\\\/botschaft-senegal.de\\\/2026\\\/02\\\/changement-horaire-durant-le-ramadan\\\/#breadcrumb\"},\"inLanguage\":\"de\",\"potentialAction\":[{\"@type\":\"ReadAction\",\"target\":[\"https:\\\/\\\/botschaft-senegal.de\\\/2026\\\/02\\\/changement-horaire-durant-le-ramadan\\\/\"]}]},{\"@type\":\"ImageObject\",\"inLanguage\":\"de\",\"@id\":\"https:\\\/\\\/botschaft-senegal.de\\\/2026\\\/02\\\/changement-horaire-durant-le-ramadan\\\/#primaryimage\",\"url\":\"https:\\\/\\\/botschaft-senegal.de\\\/wp-content\\\/uploads\\\/2026\\\/02\\\/Avis-horaire-Ramadan.png\",\"contentUrl\":\"https:\\\/\\\/botschaft-senegal.de\\\/wp-content\\\/uploads\\\/2026\\\/02\\\/Avis-horaire-Ramadan.png\",\"width\":1024,\"height\":1536},{\"@type\":\"BreadcrumbList\",\"@id\":\"https:\\\/\\\/botschaft-senegal.de\\\/2026\\\/02\\\/changement-horaire-durant-le-ramadan\\\/#breadcrumb\",\"itemListElement\":[{\"@type\":\"ListItem\",\"position\":1,\"name\":\"Accueil\",\"item\":\"https:\\\/\\\/botschaft-senegal.de\\\/\"},{\"@type\":\"ListItem\",\"position\":2,\"name\":\"Changement horaire durant le Ramadan\"}]},{\"@type\":\"WebSite\",\"@id\":\"https:\\\/\\\/botschaft-senega-r4b19ptaoc.live-website.com\\\/#website\",\"url\":\"https:\\\/\\\/botschaft-senega-r4b19ptaoc.live-website.com\\\/\",\"name\":\"Ambassade du S\u00e9n\u00e9gal \u00e0 Berlin\",\"description\":\"Ambassade du S&eacute;n&eacute;gal &agrave; Berlin\",\"publisher\":{\"@id\":\"https:\\\/\\\/botschaft-senega-r4b19ptaoc.live-website.com\\\/#organization\"},\"alternateName\":\"Botschaft Senegal\",\"potentialAction\":[{\"@type\":\"SearchAction\",\"target\":{\"@type\":\"EntryPoint\",\"urlTemplate\":\"https:\\\/\\\/botschaft-senega-r4b19ptaoc.live-website.com\\\/?s={search_term_string}\"},\"query-input\":{\"@type\":\"PropertyValueSpecification\",\"valueRequired\":true,\"valueName\":\"search_term_string\"}}],\"inLanguage\":\"de\"},{\"@type\":\"Organization\",\"@id\":\"https:\\\/\\\/botschaft-senega-r4b19ptaoc.live-website.com\\\/#organization\",\"name\":\"Ambassade du S\u00e9n\u00e9gal \u00e0 Berlin - Botschaft Senegal\",\"alternateName\":\"Botschaft senegal\",\"url\":\"https:\\\/\\\/botschaft-senega-r4b19ptaoc.live-website.com\\\/\",\"logo\":{\"@type\":\"ImageObject\",\"inLanguage\":\"de\",\"@id\":\"https:\\\/\\\/botschaft-senega-r4b19ptaoc.live-website.com\\\/#\\\/schema\\\/logo\\\/image\\\/\",\"url\":\"https:\\\/\\\/botschaft-senegal.de\\\/wp-content\\\/uploads\\\/2023\\\/07\\\/logo.svg.png\",\"contentUrl\":\"https:\\\/\\\/botschaft-senegal.de\\\/wp-content\\\/uploads\\\/2023\\\/07\\\/logo.svg.png\",\"width\":200,\"height\":237,\"caption\":\"Ambassade du S\u00e9n\u00e9gal \u00e0 Berlin - Botschaft Senegal\"},\"image\":{\"@id\":\"https:\\\/\\\/botschaft-senega-r4b19ptaoc.live-website.com\\\/#\\\/schema\\\/logo\\\/image\\\/\"}},{\"@type\":\"Person\",\"@id\":\"https:\\\/\\\/botschaft-senega-r4b19ptaoc.live-website.com\\\/#\\\/schema\\\/person\\\/2d5805967152c960961d15edfebf4914\",\"name\":\"Website Manager\",\"image\":{\"@type\":\"ImageObject\",\"inLanguage\":\"de\",\"@id\":\"https:\\\/\\\/secure.gravatar.com\\\/avatar\\\/46450d06865004f14fe4e6cc6e65687dd36f0a9e89b7ad174b8bee378a49d58d?s=96&d=mm&r=g\",\"url\":\"https:\\\/\\\/secure.gravatar.com\\\/avatar\\\/46450d06865004f14fe4e6cc6e65687dd36f0a9e89b7ad174b8bee378a49d58d?s=96&d=mm&r=g\",\"contentUrl\":\"https:\\\/\\\/secure.gravatar.com\\\/avatar\\\/46450d06865004f14fe4e6cc6e65687dd36f0a9e89b7ad174b8bee378a49d58d?s=96&d=mm&r=g\",\"caption\":\"Website Manager\"},\"url\":\"https:\\\/\\\/botschaft-senegal.de\\\/de\\\/author\\\/secretaire-traductrice\\\/\"}]}<\/script>\n<!-- \/ Yoast SEO plugin. -->","yoast_head_json":{"title":"Changement horaire durant le Ramadan - Ambassade du S&eacute;n&eacute;gal en Allemagne","description":"Communiqu\u00e9 - Publication de l'Ambassade - Informations pour les usagers --- Pressemitteilung - Ver\u00f6ffentlichung der Botschaft - Informationen f\u00fcr Benutzer --- Press release - Embassy publication - News","robots":{"index":"index","follow":"follow","max-snippet":"max-snippet:-1","max-image-preview":"max-image-preview:large","max-video-preview":"max-video-preview:-1"},"canonical":"https:\/\/botschaft-senegal.de\/de\/2026\/02\/changement-horaire-durant-le-ramadan\/","og_locale":"de_DE","og_type":"article","og_title":"Changement horaire durant le Ramadan - Ambassade du S&eacute;n&eacute;gal en Allemagne","og_description":"Communiqu\u00e9 - Publication de l'Ambassade - Informations pour les usagers --- Pressemitteilung - Ver\u00f6ffentlichung der Botschaft - Informationen f\u00fcr Benutzer --- Press release - Embassy publication - News","og_url":"https:\/\/botschaft-senegal.de\/de\/2026\/02\/changement-horaire-durant-le-ramadan\/","og_site_name":"Ambassade du S&eacute;n&eacute;gal en Allemagne","article_published_time":"2026-02-18T12:33:59+00:00","article_modified_time":"2026-02-18T12:34:00+00:00","og_image":[{"width":683,"height":1024,"url":"https:\/\/botschaft-senegal.de\/wp-content\/uploads\/2026\/02\/Avis-horaire-Ramadan-683x1024.png","type":"image\/png"}],"author":"Website Manager","twitter_card":"summary_large_image","twitter_misc":{"Verfasst von":"Website Manager","Gesch\u00e4tzte Lesezeit":"1 Minute"},"schema":{"@context":"https:\/\/schema.org","@graph":[{"@type":"Article","@id":"https:\/\/botschaft-senegal.de\/2026\/02\/changement-horaire-durant-le-ramadan\/#article","isPartOf":{"@id":"https:\/\/botschaft-senegal.de\/2026\/02\/changement-horaire-durant-le-ramadan\/"},"author":{"name":"Website Manager","@id":"https:\/\/botschaft-senega-r4b19ptaoc.live-website.com\/#\/schema\/person\/2d5805967152c960961d15edfebf4914"},"headline":"Changement horaire durant le Ramadan","datePublished":"2026-02-18T12:33:59+00:00","dateModified":"2026-02-18T12:34:00+00:00","mainEntityOfPage":{"@id":"https:\/\/botschaft-senegal.de\/2026\/02\/changement-horaire-durant-le-ramadan\/"},"wordCount":99,"publisher":{"@id":"https:\/\/botschaft-senega-r4b19ptaoc.live-website.com\/#organization"},"image":{"@id":"https:\/\/botschaft-senegal.de\/2026\/02\/changement-horaire-durant-le-ramadan\/#primaryimage"},"thumbnailUrl":"https:\/\/botschaft-senegal.de\/wp-content\/uploads\/2026\/02\/Avis-horaire-Ramadan.png","articleSection":["Communiqu\u00e9"],"inLanguage":"de"},{"@type":"WebPage","@id":"https:\/\/botschaft-senegal.de\/2026\/02\/changement-horaire-durant-le-ramadan\/","url":"https:\/\/botschaft-senegal.de\/2026\/02\/changement-horaire-durant-le-ramadan\/","name":"Changement horaire durant le Ramadan - Ambassade du S&eacute;n&eacute;gal en Allemagne","isPartOf":{"@id":"https:\/\/botschaft-senega-r4b19ptaoc.live-website.com\/#website"},"primaryImageOfPage":{"@id":"https:\/\/botschaft-senegal.de\/2026\/02\/changement-horaire-durant-le-ramadan\/#primaryimage"},"image":{"@id":"https:\/\/botschaft-senegal.de\/2026\/02\/changement-horaire-durant-le-ramadan\/#primaryimage"},"thumbnailUrl":"https:\/\/botschaft-senegal.de\/wp-content\/uploads\/2026\/02\/Avis-horaire-Ramadan.png","datePublished":"2026-02-18T12:33:59+00:00","dateModified":"2026-02-18T12:34:00+00:00","description":"Communiqu\u00e9 - Publication de l'Ambassade - Informations pour les usagers --- Pressemitteilung - Ver\u00f6ffentlichung der Botschaft - Informationen f\u00fcr Benutzer --- Press release - Embassy publication - News","breadcrumb":{"@id":"https:\/\/botschaft-senegal.de\/2026\/02\/changement-horaire-durant-le-ramadan\/#breadcrumb"},"inLanguage":"de","potentialAction":[{"@type":"ReadAction","target":["https:\/\/botschaft-senegal.de\/2026\/02\/changement-horaire-durant-le-ramadan\/"]}]},{"@type":"ImageObject","inLanguage":"de","@id":"https:\/\/botschaft-senegal.de\/2026\/02\/changement-horaire-durant-le-ramadan\/#primaryimage","url":"https:\/\/botschaft-senegal.de\/wp-content\/uploads\/2026\/02\/Avis-horaire-Ramadan.png","contentUrl":"https:\/\/botschaft-senegal.de\/wp-content\/uploads\/2026\/02\/Avis-horaire-Ramadan.png","width":1024,"height":1536},{"@type":"BreadcrumbList","@id":"https:\/\/botschaft-senegal.de\/2026\/02\/changement-horaire-durant-le-ramadan\/#breadcrumb","itemListElement":[{"@type":"ListItem","position":1,"name":"Accueil","item":"https:\/\/botschaft-senegal.de\/"},{"@type":"ListItem","position":2,"name":"Changement horaire durant le Ramadan"}]},{"@type":"WebSite","@id":"https:\/\/botschaft-senega-r4b19ptaoc.live-website.com\/#website","url":"https:\/\/botschaft-senega-r4b19ptaoc.live-website.com\/","name":"Ambassade du S\u00e9n\u00e9gal \u00e0 Berlin","description":"Ambassade du S&eacute;n&eacute;gal &agrave; Berlin","publisher":{"@id":"https:\/\/botschaft-senega-r4b19ptaoc.live-website.com\/#organization"},"alternateName":"Botschaft Senegal","potentialAction":[{"@type":"SearchAction","target":{"@type":"EntryPoint","urlTemplate":"https:\/\/botschaft-senega-r4b19ptaoc.live-website.com\/?s={search_term_string}"},"query-input":{"@type":"PropertyValueSpecification","valueRequired":true,"valueName":"search_term_string"}}],"inLanguage":"de"},{"@type":"Organization","@id":"https:\/\/botschaft-senega-r4b19ptaoc.live-website.com\/#organization","name":"Ambassade du S\u00e9n\u00e9gal \u00e0 Berlin - Botschaft Senegal","alternateName":"Botschaft senegal","url":"https:\/\/botschaft-senega-r4b19ptaoc.live-website.com\/","logo":{"@type":"ImageObject","inLanguage":"de","@id":"https:\/\/botschaft-senega-r4b19ptaoc.live-website.com\/#\/schema\/logo\/image\/","url":"https:\/\/botschaft-senegal.de\/wp-content\/uploads\/2023\/07\/logo.svg.png","contentUrl":"https:\/\/botschaft-senegal.de\/wp-content\/uploads\/2023\/07\/logo.svg.png","width":200,"height":237,"caption":"Ambassade du S\u00e9n\u00e9gal \u00e0 Berlin - Botschaft Senegal"},"image":{"@id":"https:\/\/botschaft-senega-r4b19ptaoc.live-website.com\/#\/schema\/logo\/image\/"}},{"@type":"Person","@id":"https:\/\/botschaft-senega-r4b19ptaoc.live-website.com\/#\/schema\/person\/2d5805967152c960961d15edfebf4914","name":"Website Manager","image":{"@type":"ImageObject","inLanguage":"de","@id":"https:\/\/secure.gravatar.com\/avatar\/46450d06865004f14fe4e6cc6e65687dd36f0a9e89b7ad174b8bee378a49d58d?s=96&d=mm&r=g","url":"https:\/\/secure.gravatar.com\/avatar\/46450d06865004f14fe4e6cc6e65687dd36f0a9e89b7ad174b8bee378a49d58d?s=96&d=mm&r=g","contentUrl":"https:\/\/secure.gravatar.com\/avatar\/46450d06865004f14fe4e6cc6e65687dd36f0a9e89b7ad174b8bee378a49d58d?s=96&d=mm&r=g","caption":"Website Manager"},"url":"https:\/\/botschaft-senegal.de\/de\/author\/secretaire-traductrice\/"}]}},"_links":{"self":[{"href":"https:\/\/botschaft-senegal.de\/de\/wp-json\/wp\/v2\/posts\/1341","targetHints":{"allow":["GET"]}}],"collection":[{"href":"https:\/\/botschaft-senegal.de\/de\/wp-json\/wp\/v2\/posts"}],"about":[{"href":"https:\/\/botschaft-senegal.de\/de\/wp-json\/wp\/v2\/types\/post"}],"author":[{"embeddable":true,"href":"https:\/\/botschaft-senegal.de\/de\/wp-json\/wp\/v2\/users\/2"}],"replies":[{"embeddable":true,"href":"https:\/\/botschaft-senegal.de\/de\/wp-json\/wp\/v2\/comments?post=1341"}],"version-history":[{"count":1,"href":"https:\/\/botschaft-senegal.de\/de\/wp-json\/wp\/v2\/posts\/1341\/revisions"}],"predecessor-version":[{"id":1344,"href":"https:\/\/botschaft-senegal.de\/de\/wp-json\/wp\/v2\/posts\/1341\/revisions\/1344"}],"wp:featuredmedia":[{"embeddable":true,"href":"https:\/\/botschaft-senegal.de\/de\/wp-json\/wp\/v2\/media\/1343"}],"wp:attachment":[{"href":"https:\/\/botschaft-senegal.de\/de\/wp-json\/wp\/v2\/media?parent=1341"}],"wp:term":[{"taxonomy":"category","embeddable":true,"href":"https:\/\/botschaft-senegal.de\/de\/wp-json\/wp\/v2\/categories?post=1341"},{"taxonomy":"post_tag","embeddable":true,"href":"https:\/\/botschaft-senegal.de\/de\/wp-json\/wp\/v2\/tags?post=1341"}],"curies":[{"name":"wp","href":"https:\/\/api.w.org\/{rel}","templated":true}]}}