{"id":1345,"date":"2026-04-15T15:55:58","date_gmt":"2026-04-15T13:55:58","guid":{"rendered":"https:\/\/botschaft-senegal.de\/?p=1345"},"modified":"2026-04-15T15:55:59","modified_gmt":"2026-04-15T13:55:59","slug":"appel-a-candidatures-fonds-des-femmes-de-la-diaspora-faise-ffd","status":"publish","type":"post","link":"https:\/\/botschaft-senegal.de\/de\/2026\/04\/appel-a-candidatures-fonds-des-femmes-de-la-diaspora-faise-ffd\/","title":{"rendered":"Appel \u00e0 candidatures \u2013 Fonds des Femmes de la Diaspora (FAISE\/FFD)"},"content":{"rendered":"<p>Dans le cadre de la mise en \u0153uvre du <strong>Fonds des Femmes de la Diaspora (FAISE\/FFD)<\/strong>, l\u2019Ambassade de la R\u00e9publique du S\u00e9n\u00e9gal en R\u00e9publique f\u00e9d\u00e9rale d\u2019Allemagne a le plaisir d\u2019informer les <strong>femmes s\u00e9n\u00e9galaises r\u00e9sidant en Allemagne<\/strong> de l\u2019ouverture des <strong>d\u00e9p\u00f4ts de demandes de financement<\/strong> pour des projets localis\u00e9s dans ce pays.<\/p>\n\n\n\n<p>Ce m\u00e9canisme vise \u00e0 <strong>soutenir l\u2019entrepreneuriat f\u00e9minin<\/strong> et \u00e0 accompagner les initiatives port\u00e9es par les femmes de la diaspora, contribuant ainsi au renforcement de leur autonomie \u00e9conomique et \u00e0 la valorisation de leur r\u00f4le dans le d\u00e9veloppement.<\/p>\n\n\n\n<h3 class=\"wp-block-heading\"><strong>Modalit\u00e9s de d\u00e9p\u00f4t des candidatures<\/strong><\/h3>\n\n\n\n<p>Les femmes int\u00e9ress\u00e9es sont invit\u00e9es \u00e0 soumettre leur dossier de candidature \u00e0 l\u2019adresse suivante :<\/p>\n\n\n\n<p><strong>Ambassade de la R\u00e9publique du S\u00e9n\u00e9gal<\/strong><br>Klingelhoferstra\u00dfe 5<br>10785 Berlin \u2013 Allemagne<\/p>\n\n\n\n<p>\ud83d\udcc5 <strong>Date limite de d\u00e9p\u00f4t : 20 mai 2026<\/strong><\/p>\n\n\n\n<h3 class=\"wp-block-heading\"><strong>Documents \u00e0 fournir et informations utiles<\/strong><\/h3>\n\n\n\n<p>Les candidates sont invit\u00e9es \u00e0 soumettre leur dossier \u00e0 l\u2019aide du <strong>formulaire de demande de financement<\/strong>, disponible en version <strong>individuelle ou collective<\/strong>, joint au pr\u00e9sent communiqu\u00e9.<\/p>\n\n\n\n<p>\u00c0 titre informatif, une <strong>fiche d\u2019\u00e9valuation pr\u00e9cisant les crit\u00e8res d\u2019\u00e9ligibilit\u00e9<\/strong> est \u00e9galement mise \u00e0 disposition afin d\u2019aider les candidates \u00e0 mieux orienter et structurer leurs projets.<\/p>\n\n\n\n<p>Veuillez trouver ci-dessous l\u2019ensemble des documents concern\u00e9s.<\/p>\n\n\n\n<div data-wp-interactive=\"core\/file\" class=\"wp-block-file\"><object data-wp-bind--hidden=\"!state.hasPdfPreview\" hidden class=\"wp-block-file__embed\" data=\"https:\/\/botschaft-senegal.de\/wp-content\/uploads\/2026\/04\/Communique-Demande-de-Financement-FAISE-FFD.pdf\" type=\"application\/pdf\" style=\"width:100%;height:600px\" aria-label=\"Einbettung von Communique-Demande-de-Financement-FAISE-FFD.\"><\/object><a id=\"wp-block-file--media-d1f99765-fbe1-4191-868a-5ce367608018\" href=\"https:\/\/botschaft-senegal.de\/wp-content\/uploads\/2026\/04\/Communique-Demande-de-Financement-FAISE-FFD.pdf\">Communique-Demande-de-Financement-FAISE-FFD<\/a><a href=\"https:\/\/botschaft-senegal.de\/wp-content\/uploads\/2026\/04\/Communique-Demande-de-Financement-FAISE-FFD.pdf\" class=\"wp-block-file__button wp-element-button\" download aria-describedby=\"wp-block-file--media-d1f99765-fbe1-4191-868a-5ce367608018\">Herunterladen<\/a><\/div>\n\n\n\n<div class=\"wp-block-file\"><a id=\"wp-block-file--media-1e6f3106-c248-45c9-a25b-378ac101b0ad\" href=\"https:\/\/botschaft-senegal.de\/wp-content\/uploads\/2026\/04\/Presentation-des-lignes-de-financement.doc\">Presentation des lignes de financement<\/a><a href=\"https:\/\/botschaft-senegal.de\/wp-content\/uploads\/2026\/04\/Presentation-des-lignes-de-financement.doc\" class=\"wp-block-file__button wp-element-button\" download aria-describedby=\"wp-block-file--media-1e6f3106-c248-45c9-a25b-378ac101b0ad\">Herunterladen<\/a><\/div>\n\n\n\n<div class=\"wp-block-file\"><a id=\"wp-block-file--media-e5901b99-668f-4eff-ab11-db8edf287670\" href=\"https:\/\/botschaft-senegal.de\/wp-content\/uploads\/2026\/04\/FFD-CANEVAS.docx\">FFD CANEVAS<\/a><a href=\"https:\/\/botschaft-senegal.de\/wp-content\/uploads\/2026\/04\/FFD-CANEVAS.docx\" class=\"wp-block-file__button wp-element-button\" download aria-describedby=\"wp-block-file--media-e5901b99-668f-4eff-ab11-db8edf287670\">Herunterladen<\/a><\/div>","protected":false},"excerpt":{"rendered":"<p>FAISE\/FFD \u2013 Appel \u00e0 candidatures<br \/>\nL\u2019Ambassade du S\u00e9n\u00e9gal en Allemagne lance un appel \u00e0 candidatures \u00e0 destination des femmes s\u00e9n\u00e9galaises r\u00e9sidant en Allemagne, pour le financement de projets dans le cadre du Fonds des Femmes de la Diaspora.<br \/>\nD\u00e9p\u00f4t des dossiers avant le 20 mai 2026.<\/p>","protected":false},"author":2,"featured_media":1349,"comment_status":"closed","ping_status":"open","sticky":false,"template":"","format":"standard","meta":{"footnotes":""},"categories":[4,9],"tags":[14,30],"class_list":["post-1345","post","type-post","status-publish","format-standard","has-post-thumbnail","hentry","category-communique","category-diaspora","tag-faise","tag-fdd"],"blocksy_meta":[],"yoast_head":"<!-- This site is optimized with the Yoast SEO plugin v27.5 - https:\/\/yoast.com\/product\/yoast-seo-wordpress\/ -->\n<title>Appel \u00e0 candidatures \u2013 Fonds des Femmes de la Diaspora (FAISE\/FFD) - Ambassade du S&eacute;n&eacute;gal en Allemagne<\/title>\n<meta name=\"description\" content=\"Communiqu\u00e9 - Publication de l&#039;Ambassade - Informations pour les usagers --- Pressemitteilung - Ver\u00f6ffentlichung der Botschaft - Informationen f\u00fcr Benutzer --- Press release - Embassy publication - News\" \/>\n<meta name=\"robots\" content=\"index, follow, max-snippet:-1, max-image-preview:large, max-video-preview:-1\" \/>\n<link rel=\"canonical\" href=\"https:\/\/botschaft-senegal.de\/de\/2026\/04\/appel-a-candidatures-fonds-des-femmes-de-la-diaspora-faise-ffd\/\" \/>\n<meta property=\"og:locale\" content=\"de_DE\" \/>\n<meta property=\"og:type\" content=\"article\" \/>\n<meta property=\"og:title\" content=\"Appel \u00e0 candidatures \u2013 Fonds des Femmes de la Diaspora (FAISE\/FFD) - Ambassade du S&eacute;n&eacute;gal en Allemagne\" \/>\n<meta property=\"og:description\" content=\"Communiqu\u00e9 - Publication de l&#039;Ambassade - Informations pour les usagers --- Pressemitteilung - Ver\u00f6ffentlichung der Botschaft - Informationen f\u00fcr Benutzer --- Press release - Embassy publication - News\" \/>\n<meta property=\"og:url\" content=\"https:\/\/botschaft-senegal.de\/de\/2026\/04\/appel-a-candidatures-fonds-des-femmes-de-la-diaspora-faise-ffd\/\" \/>\n<meta property=\"og:site_name\" content=\"Ambassade du S&eacute;n&eacute;gal en Allemagne\" \/>\n<meta property=\"article:published_time\" content=\"2026-04-15T13:55:58+00:00\" \/>\n<meta property=\"article:modified_time\" content=\"2026-04-15T13:55:59+00:00\" \/>\n<meta property=\"og:image\" content=\"https:\/\/botschaft-senegal.de\/wp-content\/uploads\/2026\/04\/Financement-FAISE-683x1024.png\" \/>\n\t<meta property=\"og:image:width\" content=\"683\" \/>\n\t<meta property=\"og:image:height\" content=\"1024\" \/>\n\t<meta property=\"og:image:type\" content=\"image\/png\" \/>\n<meta name=\"author\" content=\"Website Manager\" \/>\n<meta name=\"twitter:card\" content=\"summary_large_image\" \/>\n<meta name=\"twitter:label1\" content=\"Verfasst von\" \/>\n\t<meta name=\"twitter:data1\" content=\"Website Manager\" \/>\n\t<meta name=\"twitter:label2\" content=\"Gesch\u00e4tzte Lesezeit\" \/>\n\t<meta name=\"twitter:data2\" content=\"2 Minuten\" \/>\n<script type=\"application\/ld+json\" class=\"yoast-schema-graph\">{\"@context\":\"https:\\\/\\\/schema.org\",\"@graph\":[{\"@type\":\"Article\",\"@id\":\"https:\\\/\\\/botschaft-senegal.de\\\/2026\\\/04\\\/appel-a-candidatures-fonds-des-femmes-de-la-diaspora-faise-ffd\\\/#article\",\"isPartOf\":{\"@id\":\"https:\\\/\\\/botschaft-senegal.de\\\/2026\\\/04\\\/appel-a-candidatures-fonds-des-femmes-de-la-diaspora-faise-ffd\\\/\"},\"author\":{\"name\":\"Website Manager\",\"@id\":\"https:\\\/\\\/botschaft-senega-r4b19ptaoc.live-website.com\\\/#\\\/schema\\\/person\\\/2d5805967152c960961d15edfebf4914\"},\"headline\":\"Appel \u00e0 candidatures \u2013 Fonds des Femmes de la Diaspora (FAISE\\\/FFD)\",\"datePublished\":\"2026-04-15T13:55:58+00:00\",\"dateModified\":\"2026-04-15T13:55:59+00:00\",\"mainEntityOfPage\":{\"@id\":\"https:\\\/\\\/botschaft-senegal.de\\\/2026\\\/04\\\/appel-a-candidatures-fonds-des-femmes-de-la-diaspora-faise-ffd\\\/\"},\"wordCount\":248,\"publisher\":{\"@id\":\"https:\\\/\\\/botschaft-senega-r4b19ptaoc.live-website.com\\\/#organization\"},\"image\":{\"@id\":\"https:\\\/\\\/botschaft-senegal.de\\\/2026\\\/04\\\/appel-a-candidatures-fonds-des-femmes-de-la-diaspora-faise-ffd\\\/#primaryimage\"},\"thumbnailUrl\":\"https:\\\/\\\/botschaft-senegal.de\\\/wp-content\\\/uploads\\\/2026\\\/04\\\/Financement-FAISE.png\",\"keywords\":[\"faise\",\"FDD\"],\"articleSection\":[\"Communiqu\u00e9\",\"Diaspora\"],\"inLanguage\":\"de\"},{\"@type\":\"WebPage\",\"@id\":\"https:\\\/\\\/botschaft-senegal.de\\\/2026\\\/04\\\/appel-a-candidatures-fonds-des-femmes-de-la-diaspora-faise-ffd\\\/\",\"url\":\"https:\\\/\\\/botschaft-senegal.de\\\/2026\\\/04\\\/appel-a-candidatures-fonds-des-femmes-de-la-diaspora-faise-ffd\\\/\",\"name\":\"Appel \u00e0 candidatures \u2013 Fonds des Femmes de la Diaspora (FAISE\\\/FFD) - Ambassade du S&eacute;n&eacute;gal en Allemagne\",\"isPartOf\":{\"@id\":\"https:\\\/\\\/botschaft-senega-r4b19ptaoc.live-website.com\\\/#website\"},\"primaryImageOfPage\":{\"@id\":\"https:\\\/\\\/botschaft-senegal.de\\\/2026\\\/04\\\/appel-a-candidatures-fonds-des-femmes-de-la-diaspora-faise-ffd\\\/#primaryimage\"},\"image\":{\"@id\":\"https:\\\/\\\/botschaft-senegal.de\\\/2026\\\/04\\\/appel-a-candidatures-fonds-des-femmes-de-la-diaspora-faise-ffd\\\/#primaryimage\"},\"thumbnailUrl\":\"https:\\\/\\\/botschaft-senegal.de\\\/wp-content\\\/uploads\\\/2026\\\/04\\\/Financement-FAISE.png\",\"datePublished\":\"2026-04-15T13:55:58+00:00\",\"dateModified\":\"2026-04-15T13:55:59+00:00\",\"description\":\"Communiqu\u00e9 - Publication de l'Ambassade - Informations pour les usagers --- Pressemitteilung - Ver\u00f6ffentlichung der Botschaft - Informationen f\u00fcr Benutzer --- Press release - Embassy publication - News\",\"breadcrumb\":{\"@id\":\"https:\\\/\\\/botschaft-senegal.de\\\/2026\\\/04\\\/appel-a-candidatures-fonds-des-femmes-de-la-diaspora-faise-ffd\\\/#breadcrumb\"},\"inLanguage\":\"de\",\"potentialAction\":[{\"@type\":\"ReadAction\",\"target\":[\"https:\\\/\\\/botschaft-senegal.de\\\/2026\\\/04\\\/appel-a-candidatures-fonds-des-femmes-de-la-diaspora-faise-ffd\\\/\"]}]},{\"@type\":\"ImageObject\",\"inLanguage\":\"de\",\"@id\":\"https:\\\/\\\/botschaft-senegal.de\\\/2026\\\/04\\\/appel-a-candidatures-fonds-des-femmes-de-la-diaspora-faise-ffd\\\/#primaryimage\",\"url\":\"https:\\\/\\\/botschaft-senegal.de\\\/wp-content\\\/uploads\\\/2026\\\/04\\\/Financement-FAISE.png\",\"contentUrl\":\"https:\\\/\\\/botschaft-senegal.de\\\/wp-content\\\/uploads\\\/2026\\\/04\\\/Financement-FAISE.png\",\"width\":1024,\"height\":1536},{\"@type\":\"BreadcrumbList\",\"@id\":\"https:\\\/\\\/botschaft-senegal.de\\\/2026\\\/04\\\/appel-a-candidatures-fonds-des-femmes-de-la-diaspora-faise-ffd\\\/#breadcrumb\",\"itemListElement\":[{\"@type\":\"ListItem\",\"position\":1,\"name\":\"Accueil\",\"item\":\"https:\\\/\\\/botschaft-senegal.de\\\/\"},{\"@type\":\"ListItem\",\"position\":2,\"name\":\"Appel \u00e0 candidatures \u2013 Fonds des Femmes de la Diaspora (FAISE\\\/FFD)\"}]},{\"@type\":\"WebSite\",\"@id\":\"https:\\\/\\\/botschaft-senega-r4b19ptaoc.live-website.com\\\/#website\",\"url\":\"https:\\\/\\\/botschaft-senega-r4b19ptaoc.live-website.com\\\/\",\"name\":\"Ambassade du S\u00e9n\u00e9gal \u00e0 Berlin\",\"description\":\"Ambassade du S&eacute;n&eacute;gal &agrave; Berlin\",\"publisher\":{\"@id\":\"https:\\\/\\\/botschaft-senega-r4b19ptaoc.live-website.com\\\/#organization\"},\"alternateName\":\"Botschaft Senegal\",\"potentialAction\":[{\"@type\":\"SearchAction\",\"target\":{\"@type\":\"EntryPoint\",\"urlTemplate\":\"https:\\\/\\\/botschaft-senega-r4b19ptaoc.live-website.com\\\/?s={search_term_string}\"},\"query-input\":{\"@type\":\"PropertyValueSpecification\",\"valueRequired\":true,\"valueName\":\"search_term_string\"}}],\"inLanguage\":\"de\"},{\"@type\":\"Organization\",\"@id\":\"https:\\\/\\\/botschaft-senega-r4b19ptaoc.live-website.com\\\/#organization\",\"name\":\"Ambassade du S\u00e9n\u00e9gal \u00e0 Berlin - Botschaft Senegal\",\"alternateName\":\"Botschaft senegal\",\"url\":\"https:\\\/\\\/botschaft-senega-r4b19ptaoc.live-website.com\\\/\",\"logo\":{\"@type\":\"ImageObject\",\"inLanguage\":\"de\",\"@id\":\"https:\\\/\\\/botschaft-senega-r4b19ptaoc.live-website.com\\\/#\\\/schema\\\/logo\\\/image\\\/\",\"url\":\"https:\\\/\\\/botschaft-senegal.de\\\/wp-content\\\/uploads\\\/2023\\\/07\\\/logo.svg.png\",\"contentUrl\":\"https:\\\/\\\/botschaft-senegal.de\\\/wp-content\\\/uploads\\\/2023\\\/07\\\/logo.svg.png\",\"width\":200,\"height\":237,\"caption\":\"Ambassade du S\u00e9n\u00e9gal \u00e0 Berlin - Botschaft Senegal\"},\"image\":{\"@id\":\"https:\\\/\\\/botschaft-senega-r4b19ptaoc.live-website.com\\\/#\\\/schema\\\/logo\\\/image\\\/\"}},{\"@type\":\"Person\",\"@id\":\"https:\\\/\\\/botschaft-senega-r4b19ptaoc.live-website.com\\\/#\\\/schema\\\/person\\\/2d5805967152c960961d15edfebf4914\",\"name\":\"Website Manager\",\"image\":{\"@type\":\"ImageObject\",\"inLanguage\":\"de\",\"@id\":\"https:\\\/\\\/secure.gravatar.com\\\/avatar\\\/46450d06865004f14fe4e6cc6e65687dd36f0a9e89b7ad174b8bee378a49d58d?s=96&d=mm&r=g\",\"url\":\"https:\\\/\\\/secure.gravatar.com\\\/avatar\\\/46450d06865004f14fe4e6cc6e65687dd36f0a9e89b7ad174b8bee378a49d58d?s=96&d=mm&r=g\",\"contentUrl\":\"https:\\\/\\\/secure.gravatar.com\\\/avatar\\\/46450d06865004f14fe4e6cc6e65687dd36f0a9e89b7ad174b8bee378a49d58d?s=96&d=mm&r=g\",\"caption\":\"Website Manager\"},\"url\":\"https:\\\/\\\/botschaft-senegal.de\\\/de\\\/author\\\/secretaire-traductrice\\\/\"}]}<\/script>\n<!-- \/ Yoast SEO plugin. -->","yoast_head_json":{"title":"Appel \u00e0 candidatures \u2013 Fonds des Femmes de la Diaspora (FAISE\/FFD) - Ambassade du S&eacute;n&eacute;gal en Allemagne","description":"Communiqu\u00e9 - Publication de l'Ambassade - Informations pour les usagers --- Pressemitteilung - Ver\u00f6ffentlichung der Botschaft - Informationen f\u00fcr Benutzer --- Press release - Embassy publication - News","robots":{"index":"index","follow":"follow","max-snippet":"max-snippet:-1","max-image-preview":"max-image-preview:large","max-video-preview":"max-video-preview:-1"},"canonical":"https:\/\/botschaft-senegal.de\/de\/2026\/04\/appel-a-candidatures-fonds-des-femmes-de-la-diaspora-faise-ffd\/","og_locale":"de_DE","og_type":"article","og_title":"Appel \u00e0 candidatures \u2013 Fonds des Femmes de la Diaspora (FAISE\/FFD) - Ambassade du S&eacute;n&eacute;gal en Allemagne","og_description":"Communiqu\u00e9 - Publication de l'Ambassade - Informations pour les usagers --- Pressemitteilung - Ver\u00f6ffentlichung der Botschaft - Informationen f\u00fcr Benutzer --- Press release - Embassy publication - News","og_url":"https:\/\/botschaft-senegal.de\/de\/2026\/04\/appel-a-candidatures-fonds-des-femmes-de-la-diaspora-faise-ffd\/","og_site_name":"Ambassade du S&eacute;n&eacute;gal en Allemagne","article_published_time":"2026-04-15T13:55:58+00:00","article_modified_time":"2026-04-15T13:55:59+00:00","og_image":[{"width":683,"height":1024,"url":"https:\/\/botschaft-senegal.de\/wp-content\/uploads\/2026\/04\/Financement-FAISE-683x1024.png","type":"image\/png"}],"author":"Website Manager","twitter_card":"summary_large_image","twitter_misc":{"Verfasst von":"Website Manager","Gesch\u00e4tzte Lesezeit":"2 Minuten"},"schema":{"@context":"https:\/\/schema.org","@graph":[{"@type":"Article","@id":"https:\/\/botschaft-senegal.de\/2026\/04\/appel-a-candidatures-fonds-des-femmes-de-la-diaspora-faise-ffd\/#article","isPartOf":{"@id":"https:\/\/botschaft-senegal.de\/2026\/04\/appel-a-candidatures-fonds-des-femmes-de-la-diaspora-faise-ffd\/"},"author":{"name":"Website Manager","@id":"https:\/\/botschaft-senega-r4b19ptaoc.live-website.com\/#\/schema\/person\/2d5805967152c960961d15edfebf4914"},"headline":"Appel \u00e0 candidatures \u2013 Fonds des Femmes de la Diaspora (FAISE\/FFD)","datePublished":"2026-04-15T13:55:58+00:00","dateModified":"2026-04-15T13:55:59+00:00","mainEntityOfPage":{"@id":"https:\/\/botschaft-senegal.de\/2026\/04\/appel-a-candidatures-fonds-des-femmes-de-la-diaspora-faise-ffd\/"},"wordCount":248,"publisher":{"@id":"https:\/\/botschaft-senega-r4b19ptaoc.live-website.com\/#organization"},"image":{"@id":"https:\/\/botschaft-senegal.de\/2026\/04\/appel-a-candidatures-fonds-des-femmes-de-la-diaspora-faise-ffd\/#primaryimage"},"thumbnailUrl":"https:\/\/botschaft-senegal.de\/wp-content\/uploads\/2026\/04\/Financement-FAISE.png","keywords":["faise","FDD"],"articleSection":["Communiqu\u00e9","Diaspora"],"inLanguage":"de"},{"@type":"WebPage","@id":"https:\/\/botschaft-senegal.de\/2026\/04\/appel-a-candidatures-fonds-des-femmes-de-la-diaspora-faise-ffd\/","url":"https:\/\/botschaft-senegal.de\/2026\/04\/appel-a-candidatures-fonds-des-femmes-de-la-diaspora-faise-ffd\/","name":"Appel \u00e0 candidatures \u2013 Fonds des Femmes de la Diaspora (FAISE\/FFD) - Ambassade du S&eacute;n&eacute;gal en Allemagne","isPartOf":{"@id":"https:\/\/botschaft-senega-r4b19ptaoc.live-website.com\/#website"},"primaryImageOfPage":{"@id":"https:\/\/botschaft-senegal.de\/2026\/04\/appel-a-candidatures-fonds-des-femmes-de-la-diaspora-faise-ffd\/#primaryimage"},"image":{"@id":"https:\/\/botschaft-senegal.de\/2026\/04\/appel-a-candidatures-fonds-des-femmes-de-la-diaspora-faise-ffd\/#primaryimage"},"thumbnailUrl":"https:\/\/botschaft-senegal.de\/wp-content\/uploads\/2026\/04\/Financement-FAISE.png","datePublished":"2026-04-15T13:55:58+00:00","dateModified":"2026-04-15T13:55:59+00:00","description":"Communiqu\u00e9 - Publication de l'Ambassade - Informations pour les usagers --- Pressemitteilung - Ver\u00f6ffentlichung der Botschaft - Informationen f\u00fcr Benutzer --- Press release - Embassy publication - News","breadcrumb":{"@id":"https:\/\/botschaft-senegal.de\/2026\/04\/appel-a-candidatures-fonds-des-femmes-de-la-diaspora-faise-ffd\/#breadcrumb"},"inLanguage":"de","potentialAction":[{"@type":"ReadAction","target":["https:\/\/botschaft-senegal.de\/2026\/04\/appel-a-candidatures-fonds-des-femmes-de-la-diaspora-faise-ffd\/"]}]},{"@type":"ImageObject","inLanguage":"de","@id":"https:\/\/botschaft-senegal.de\/2026\/04\/appel-a-candidatures-fonds-des-femmes-de-la-diaspora-faise-ffd\/#primaryimage","url":"https:\/\/botschaft-senegal.de\/wp-content\/uploads\/2026\/04\/Financement-FAISE.png","contentUrl":"https:\/\/botschaft-senegal.de\/wp-content\/uploads\/2026\/04\/Financement-FAISE.png","width":1024,"height":1536},{"@type":"BreadcrumbList","@id":"https:\/\/botschaft-senegal.de\/2026\/04\/appel-a-candidatures-fonds-des-femmes-de-la-diaspora-faise-ffd\/#breadcrumb","itemListElement":[{"@type":"ListItem","position":1,"name":"Accueil","item":"https:\/\/botschaft-senegal.de\/"},{"@type":"ListItem","position":2,"name":"Appel \u00e0 candidatures \u2013 Fonds des Femmes de la Diaspora (FAISE\/FFD)"}]},{"@type":"WebSite","@id":"https:\/\/botschaft-senega-r4b19ptaoc.live-website.com\/#website","url":"https:\/\/botschaft-senega-r4b19ptaoc.live-website.com\/","name":"Ambassade du S\u00e9n\u00e9gal \u00e0 Berlin","description":"Ambassade du S&eacute;n&eacute;gal &agrave; Berlin","publisher":{"@id":"https:\/\/botschaft-senega-r4b19ptaoc.live-website.com\/#organization"},"alternateName":"Botschaft Senegal","potentialAction":[{"@type":"SearchAction","target":{"@type":"EntryPoint","urlTemplate":"https:\/\/botschaft-senega-r4b19ptaoc.live-website.com\/?s={search_term_string}"},"query-input":{"@type":"PropertyValueSpecification","valueRequired":true,"valueName":"search_term_string"}}],"inLanguage":"de"},{"@type":"Organization","@id":"https:\/\/botschaft-senega-r4b19ptaoc.live-website.com\/#organization","name":"Ambassade du S\u00e9n\u00e9gal \u00e0 Berlin - Botschaft Senegal","alternateName":"Botschaft senegal","url":"https:\/\/botschaft-senega-r4b19ptaoc.live-website.com\/","logo":{"@type":"ImageObject","inLanguage":"de","@id":"https:\/\/botschaft-senega-r4b19ptaoc.live-website.com\/#\/schema\/logo\/image\/","url":"https:\/\/botschaft-senegal.de\/wp-content\/uploads\/2023\/07\/logo.svg.png","contentUrl":"https:\/\/botschaft-senegal.de\/wp-content\/uploads\/2023\/07\/logo.svg.png","width":200,"height":237,"caption":"Ambassade du S\u00e9n\u00e9gal \u00e0 Berlin - Botschaft Senegal"},"image":{"@id":"https:\/\/botschaft-senega-r4b19ptaoc.live-website.com\/#\/schema\/logo\/image\/"}},{"@type":"Person","@id":"https:\/\/botschaft-senega-r4b19ptaoc.live-website.com\/#\/schema\/person\/2d5805967152c960961d15edfebf4914","name":"Website Manager","image":{"@type":"ImageObject","inLanguage":"de","@id":"https:\/\/secure.gravatar.com\/avatar\/46450d06865004f14fe4e6cc6e65687dd36f0a9e89b7ad174b8bee378a49d58d?s=96&d=mm&r=g","url":"https:\/\/secure.gravatar.com\/avatar\/46450d06865004f14fe4e6cc6e65687dd36f0a9e89b7ad174b8bee378a49d58d?s=96&d=mm&r=g","contentUrl":"https:\/\/secure.gravatar.com\/avatar\/46450d06865004f14fe4e6cc6e65687dd36f0a9e89b7ad174b8bee378a49d58d?s=96&d=mm&r=g","caption":"Website Manager"},"url":"https:\/\/botschaft-senegal.de\/de\/author\/secretaire-traductrice\/"}]}},"_links":{"self":[{"href":"https:\/\/botschaft-senegal.de\/de\/wp-json\/wp\/v2\/posts\/1345","targetHints":{"allow":["GET"]}}],"collection":[{"href":"https:\/\/botschaft-senegal.de\/de\/wp-json\/wp\/v2\/posts"}],"about":[{"href":"https:\/\/botschaft-senegal.de\/de\/wp-json\/wp\/v2\/types\/post"}],"author":[{"embeddable":true,"href":"https:\/\/botschaft-senegal.de\/de\/wp-json\/wp\/v2\/users\/2"}],"replies":[{"embeddable":true,"href":"https:\/\/botschaft-senegal.de\/de\/wp-json\/wp\/v2\/comments?post=1345"}],"version-history":[{"count":1,"href":"https:\/\/botschaft-senegal.de\/de\/wp-json\/wp\/v2\/posts\/1345\/revisions"}],"predecessor-version":[{"id":1350,"href":"https:\/\/botschaft-senegal.de\/de\/wp-json\/wp\/v2\/posts\/1345\/revisions\/1350"}],"wp:featuredmedia":[{"embeddable":true,"href":"https:\/\/botschaft-senegal.de\/de\/wp-json\/wp\/v2\/media\/1349"}],"wp:attachment":[{"href":"https:\/\/botschaft-senegal.de\/de\/wp-json\/wp\/v2\/media?parent=1345"}],"wp:term":[{"taxonomy":"category","embeddable":true,"href":"https:\/\/botschaft-senegal.de\/de\/wp-json\/wp\/v2\/categories?post=1345"},{"taxonomy":"post_tag","embeddable":true,"href":"https:\/\/botschaft-senegal.de\/de\/wp-json\/wp\/v2\/tags?post=1345"}],"curies":[{"name":"wp","href":"https:\/\/api.w.org\/{rel}","templated":true}]}}