{"id":261,"date":"2023-08-05T12:43:03","date_gmt":"2023-08-05T10:43:03","guid":{"rendered":"https:\/\/botschaft-senegal.de\/?p=261"},"modified":"2023-12-06T16:17:40","modified_gmt":"2023-12-06T15:17:40","slug":"associations-senegalaises-en-allemagne","status":"publish","type":"post","link":"https:\/\/botschaft-senegal.de\/de\/2023\/08\/associations-senegalaises-en-allemagne\/","title":{"rendered":"Senegalesische Vereine in Deutschland"},"content":{"rendered":"<h2 class=\"wp-block-heading has-medium-font-size\" style=\"font-style:normal;font-weight:700\">Liste des associations et Dahira s\u00e9n\u00e9galaises en Allemagne et en Autriche<\/h2>\n\n\n\n<figure class=\"wp-block-table\"><table><tbody><tr><td><strong>ASSOCIATIONS <\/strong><\/td><td><strong>RESPONSABLES<\/strong><\/td><td><strong>CONTACTS<\/strong><\/td><\/tr><tr><td><strong>Association des S\u00e9n\u00e9galais de Berlin<\/strong><\/td><td>PR: Madame Fatou NIANG<\/td><td><\/td><\/tr><tr><td><strong>Association des S\u00e9n\u00e9galais de Munich <\/strong><\/td><td>PR: M. Pape M. NGINGUE<\/td><td><\/td><\/tr><tr><td><strong>Fonds de Solidarit\u00e9 de la diaspora S\u00e9n\u00e9galaise en Allemagne<\/strong><\/td><td>PR: M. Ibrahima Tamb\u00e9dou<\/td><td><br><strong>E-mail:<\/strong> contact@fonsa-org.com;<br><strong>Site web:<\/strong> <a href=\"https:\/\/fonsa-org.com\/\" target=\"_blank\" rel=\"noreferrer noopener\">https:\/\/fonsa-org.com\/<\/a><br><\/td><\/tr><tr><td><strong>Association Sunu Gaal Autriche<\/strong><\/td><td>PR : Mme Anna Diop<\/td><td><\/td><\/tr><tr><td><strong>Association des Alpulaar d\u2019Allemagne<\/strong><br><\/td><td>Monsieur DIALLO&nbsp;<\/td><td>Wattstr. 13, 13629 Berlin<\/td><\/tr><tr><td><strong>Association SUNUGAL e. V.<\/strong><\/td><td>Monsieur DIOP<\/td><td>Reichsstr. 8, 14052 Berlin<\/td><\/tr><tr><td><strong>Association des s\u00e9n\u00e9galais de Stuttgart et environs<\/strong><\/td><td>Monsieur GUEYE<\/td><td>Postfach 0225, 71602 Ludwigsburg<\/td><\/tr><tr><td><strong>Association Wagadu Jikke<\/strong><\/td><td>&nbsp;Monsieur BATHILY<\/td><td>Georg-Birk Strasse 12, 80797 M\u00fcnchen<\/td><\/tr><tr><td><strong>Association Verein Bokk Senegal&nbsp;Association Verein Bokk Senegal&nbsp;<\/strong><\/td><td>Mme DIOP<\/td><td>&nbsp;Heimatring 20, 60596 Frankfurt Am Main<\/td><\/tr><tr><td><strong>J\u00e0ppo NRW e. V.<\/strong><\/td><td>Monsieur DIALLO&nbsp;<\/td><td>Romachstr.25, 58135 Hagen<\/td><\/tr><tr><td><strong>Afrika Kulturprojekte e. V.<\/strong><\/td><td>Monsieur DIAGNE&nbsp;&nbsp;<\/td><td>&nbsp;Im Weimel 12, 60439 Frankfurt am Main<\/td><\/tr><tr><td><strong>Association des femmes s\u00e9n\u00e9galaises de Berlin<\/strong><\/td><td>Madame SY<\/td><td>Bernauerstr. 109, 13355 Berlin<\/td><\/tr><tr><td><strong>Association Selbsthilfegruuppe der burger Waoundes e. V<\/strong><\/td><td>&nbsp;Monsieur FOFANA<\/td><td>Feilitzschstr 32, &nbsp;80802 M\u00fcnchen<\/td><\/tr><tr><td><strong>Association des s\u00e9n\u00e9galais de Bonn<\/strong><br><\/td><td>Monsieur FALL&nbsp;<\/td><td>Holzgasse 11, 53347 Alfter<\/td><\/tr><tr><td><strong>Association des s\u00e9n\u00e9galais de Hamburg<\/strong>&nbsp;<\/td><td>Monsieur DIENE&nbsp;<\/td><td>Erntinweg 1, 22179 Hamburg<\/td><\/tr><tr><td><strong>Association SENGERMANY<\/strong><\/td><td>Monsieur GUEYE&nbsp;&nbsp;&nbsp;<\/td><td>Postfach 101226 40003 D\u00fcsseldorf<\/td><\/tr><tr><td><strong>Dahira Tidiane de Berlin<\/strong><\/td><td>Monsieur FAYE<\/td><td>Pritchardstrasse 11, 14169 Berlin<\/td><\/tr><tr><td><strong>Dahira Tidiane de Frankfurt<\/strong><\/td><td>&nbsp;Monsieur MBAYE<\/td><td>Wormserstr. 49, 67583 Guntersblum<\/td><\/tr><tr><td>D<strong>ahira Mouride de Bremen&nbsp;<\/strong><\/td><td>Monsieur GUEYE<\/td><td>S\u00f6derblom Str. 4, 28217 Bremen<\/td><\/tr><tr><td><strong>Dahira Mouride de Berlin<\/strong><\/td><td>Monsieur KAYRE<\/td><td>Afrikanische Str. 146C, 13351 Berlin<\/td><\/tr><tr><td><strong>Dahira Mouride de Frankfurt&nbsp;&nbsp;&nbsp;&nbsp;<\/strong><\/td><td>Monsieur KAYRE<\/td><td>Eginhardstrasse 2, 63071 Offenbach Am Main<\/td><\/tr><tr><td><strong>Dahira BIRI WAL IHSAN NRW e.V&nbsp;<\/strong><\/td><td>Monsieur TOURE&nbsp;<\/td><td>Kapuzinerstr. 2, 50737 K\u00f6ln<\/td><\/tr><tr><td><strong>Dahira Mouride de Cologne<\/strong><\/td><td>Monsieur DIENG&nbsp;<\/td><td>Chemnitzer str. 32 51067 K\u00f6ln<\/td><\/tr><\/tbody><\/table><figcaption class=\"wp-element-caption\">Associations et Dahiras s\u00e9n\u00e9galaises<\/figcaption><\/figure>\n\n\n\n<p>Cette liste n&rsquo;est pas exhaustive et n&rsquo;est qu&rsquo;a titre informatif.<\/p>","protected":false},"excerpt":{"rendered":"<p>Senegalesische Vereine und Dahira in Deutschland und in weiteren L\u00e4ndern des Zust\u00e4ndigkeitsbereichs der Botschaft.<\/p>","protected":false},"author":1,"featured_media":278,"comment_status":"closed","ping_status":"open","sticky":false,"template":"","format":"standard","meta":{"footnotes":""},"categories":[9],"tags":[11,13,12],"class_list":["post-261","post","type-post","status-publish","format-standard","has-post-thumbnail","hentry","category-diaspora","tag-associations-senegalaise","tag-communaute-senegalaise-en-allemagne","tag-diapora-senegal"],"blocksy_meta":[],"yoast_head":"<!-- This site is optimized with the Yoast SEO plugin v27.5 - https:\/\/yoast.com\/product\/yoast-seo-wordpress\/ -->\n<title>Associations S\u00e9n\u00e9galaises en Allemagne - Ambassade du S&eacute;n&eacute;gal en Allemagne<\/title>\n<meta name=\"description\" content=\"Communiqu\u00e9 - Publication de l&#039;Ambassade - Informations pour les usagers --- Pressemitteilung - Ver\u00f6ffentlichung der Botschaft - Informationen f\u00fcr Benutzer --- Press release - Embassy publication - News\" \/>\n<meta name=\"robots\" content=\"index, follow, max-snippet:-1, max-image-preview:large, max-video-preview:-1\" \/>\n<link rel=\"canonical\" href=\"https:\/\/botschaft-senega-r4b19ptaoc.live-website.com\/2023\/08\/associations-senegalaises-en-allemagne\/\" \/>\n<meta property=\"og:locale\" content=\"de_DE\" \/>\n<meta property=\"og:type\" content=\"article\" \/>\n<meta property=\"og:title\" content=\"Associations S\u00e9n\u00e9galaises en Allemagne - Ambassade du S&eacute;n&eacute;gal en Allemagne\" \/>\n<meta property=\"og:description\" content=\"Communiqu\u00e9 - Publication de l&#039;Ambassade - Informations pour les usagers --- Pressemitteilung - Ver\u00f6ffentlichung der Botschaft - Informationen f\u00fcr Benutzer --- Press release - Embassy publication - News\" \/>\n<meta property=\"og:url\" content=\"https:\/\/botschaft-senega-r4b19ptaoc.live-website.com\/2023\/08\/associations-senegalaises-en-allemagne\/\" \/>\n<meta property=\"og:site_name\" content=\"Ambassade du S&eacute;n&eacute;gal en Allemagne\" \/>\n<meta property=\"article:published_time\" content=\"2023-08-05T10:43:03+00:00\" \/>\n<meta property=\"article:modified_time\" content=\"2023-12-06T15:17:40+00:00\" \/>\n<meta property=\"og:image\" content=\"https:\/\/botschaft-senega-r4b19ptaoc.live-website.com\/wp-content\/uploads\/2023\/08\/Associations-senegalaise.png\" \/>\n\t<meta property=\"og:image:width\" content=\"500\" \/>\n\t<meta property=\"og:image:height\" content=\"500\" \/>\n\t<meta property=\"og:image:type\" content=\"image\/png\" \/>\n<meta name=\"author\" content=\"Ambassade S\u00e9n\u00e9gal Berlin\" \/>\n<meta name=\"twitter:card\" content=\"summary_large_image\" \/>\n<meta name=\"twitter:label1\" content=\"Verfasst von\" \/>\n\t<meta name=\"twitter:data1\" content=\"Ambassade S\u00e9n\u00e9gal Berlin\" \/>\n\t<meta name=\"twitter:label2\" content=\"Gesch\u00e4tzte Lesezeit\" \/>\n\t<meta name=\"twitter:data2\" content=\"1 Minute\" \/>\n<script type=\"application\/ld+json\" class=\"yoast-schema-graph\">{\"@context\":\"https:\\\/\\\/schema.org\",\"@graph\":[{\"@type\":\"Article\",\"@id\":\"https:\\\/\\\/botschaft-senega-r4b19ptaoc.live-website.com\\\/2023\\\/08\\\/associations-senegalaises-en-allemagne\\\/#article\",\"isPartOf\":{\"@id\":\"https:\\\/\\\/botschaft-senega-r4b19ptaoc.live-website.com\\\/2023\\\/08\\\/associations-senegalaises-en-allemagne\\\/\"},\"author\":{\"name\":\"Ambassade S\u00e9n\u00e9gal Berlin\",\"@id\":\"https:\\\/\\\/botschaft-senega-r4b19ptaoc.live-website.com\\\/#\\\/schema\\\/person\\\/3ae625ae9c06b3cef51cf6fb1f2d3be3\"},\"headline\":\"Associations S\u00e9n\u00e9galaises en Allemagne\",\"datePublished\":\"2023-08-05T10:43:03+00:00\",\"dateModified\":\"2023-12-06T15:17:40+00:00\",\"mainEntityOfPage\":{\"@id\":\"https:\\\/\\\/botschaft-senega-r4b19ptaoc.live-website.com\\\/2023\\\/08\\\/associations-senegalaises-en-allemagne\\\/\"},\"wordCount\":314,\"publisher\":{\"@id\":\"https:\\\/\\\/botschaft-senega-r4b19ptaoc.live-website.com\\\/#organization\"},\"image\":{\"@id\":\"https:\\\/\\\/botschaft-senega-r4b19ptaoc.live-website.com\\\/2023\\\/08\\\/associations-senegalaises-en-allemagne\\\/#primaryimage\"},\"thumbnailUrl\":\"https:\\\/\\\/botschaft-senegal.de\\\/wp-content\\\/uploads\\\/2023\\\/08\\\/Associations-senegalaise.png\",\"keywords\":[\"associations senegalaise\",\"communaut\u00e9 s\u00e9n\u00e9galaise en Allemagne\",\"diapora senegal\"],\"articleSection\":[\"Diaspora\"],\"inLanguage\":\"de\"},{\"@type\":\"WebPage\",\"@id\":\"https:\\\/\\\/botschaft-senega-r4b19ptaoc.live-website.com\\\/2023\\\/08\\\/associations-senegalaises-en-allemagne\\\/\",\"url\":\"https:\\\/\\\/botschaft-senega-r4b19ptaoc.live-website.com\\\/2023\\\/08\\\/associations-senegalaises-en-allemagne\\\/\",\"name\":\"Associations S\u00e9n\u00e9galaises en Allemagne - Ambassade du S&eacute;n&eacute;gal en Allemagne\",\"isPartOf\":{\"@id\":\"https:\\\/\\\/botschaft-senega-r4b19ptaoc.live-website.com\\\/#website\"},\"primaryImageOfPage\":{\"@id\":\"https:\\\/\\\/botschaft-senega-r4b19ptaoc.live-website.com\\\/2023\\\/08\\\/associations-senegalaises-en-allemagne\\\/#primaryimage\"},\"image\":{\"@id\":\"https:\\\/\\\/botschaft-senega-r4b19ptaoc.live-website.com\\\/2023\\\/08\\\/associations-senegalaises-en-allemagne\\\/#primaryimage\"},\"thumbnailUrl\":\"https:\\\/\\\/botschaft-senegal.de\\\/wp-content\\\/uploads\\\/2023\\\/08\\\/Associations-senegalaise.png\",\"datePublished\":\"2023-08-05T10:43:03+00:00\",\"dateModified\":\"2023-12-06T15:17:40+00:00\",\"description\":\"Communiqu\u00e9 - Publication de l'Ambassade - Informations pour les usagers --- Pressemitteilung - Ver\u00f6ffentlichung der Botschaft - Informationen f\u00fcr Benutzer --- Press release - Embassy publication - News\",\"breadcrumb\":{\"@id\":\"https:\\\/\\\/botschaft-senega-r4b19ptaoc.live-website.com\\\/2023\\\/08\\\/associations-senegalaises-en-allemagne\\\/#breadcrumb\"},\"inLanguage\":\"de\",\"potentialAction\":[{\"@type\":\"ReadAction\",\"target\":[\"https:\\\/\\\/botschaft-senega-r4b19ptaoc.live-website.com\\\/2023\\\/08\\\/associations-senegalaises-en-allemagne\\\/\"]}]},{\"@type\":\"ImageObject\",\"inLanguage\":\"de\",\"@id\":\"https:\\\/\\\/botschaft-senega-r4b19ptaoc.live-website.com\\\/2023\\\/08\\\/associations-senegalaises-en-allemagne\\\/#primaryimage\",\"url\":\"https:\\\/\\\/botschaft-senegal.de\\\/wp-content\\\/uploads\\\/2023\\\/08\\\/Associations-senegalaise.png\",\"contentUrl\":\"https:\\\/\\\/botschaft-senegal.de\\\/wp-content\\\/uploads\\\/2023\\\/08\\\/Associations-senegalaise.png\",\"width\":500,\"height\":500},{\"@type\":\"BreadcrumbList\",\"@id\":\"https:\\\/\\\/botschaft-senega-r4b19ptaoc.live-website.com\\\/2023\\\/08\\\/associations-senegalaises-en-allemagne\\\/#breadcrumb\",\"itemListElement\":[{\"@type\":\"ListItem\",\"position\":1,\"name\":\"Accueil\",\"item\":\"https:\\\/\\\/botschaft-senegal.de\\\/\"},{\"@type\":\"ListItem\",\"position\":2,\"name\":\"Associations S\u00e9n\u00e9galaises en Allemagne\"}]},{\"@type\":\"WebSite\",\"@id\":\"https:\\\/\\\/botschaft-senega-r4b19ptaoc.live-website.com\\\/#website\",\"url\":\"https:\\\/\\\/botschaft-senega-r4b19ptaoc.live-website.com\\\/\",\"name\":\"Ambassade du S\u00e9n\u00e9gal \u00e0 Berlin\",\"description\":\"Ambassade du S&eacute;n&eacute;gal &agrave; Berlin\",\"publisher\":{\"@id\":\"https:\\\/\\\/botschaft-senega-r4b19ptaoc.live-website.com\\\/#organization\"},\"alternateName\":\"Botschaft Senegal\",\"potentialAction\":[{\"@type\":\"SearchAction\",\"target\":{\"@type\":\"EntryPoint\",\"urlTemplate\":\"https:\\\/\\\/botschaft-senega-r4b19ptaoc.live-website.com\\\/?s={search_term_string}\"},\"query-input\":{\"@type\":\"PropertyValueSpecification\",\"valueRequired\":true,\"valueName\":\"search_term_string\"}}],\"inLanguage\":\"de\"},{\"@type\":\"Organization\",\"@id\":\"https:\\\/\\\/botschaft-senega-r4b19ptaoc.live-website.com\\\/#organization\",\"name\":\"Ambassade du S\u00e9n\u00e9gal \u00e0 Berlin - Botschaft Senegal\",\"alternateName\":\"Botschaft senegal\",\"url\":\"https:\\\/\\\/botschaft-senega-r4b19ptaoc.live-website.com\\\/\",\"logo\":{\"@type\":\"ImageObject\",\"inLanguage\":\"de\",\"@id\":\"https:\\\/\\\/botschaft-senega-r4b19ptaoc.live-website.com\\\/#\\\/schema\\\/logo\\\/image\\\/\",\"url\":\"https:\\\/\\\/botschaft-senegal.de\\\/wp-content\\\/uploads\\\/2023\\\/07\\\/logo.svg.png\",\"contentUrl\":\"https:\\\/\\\/botschaft-senegal.de\\\/wp-content\\\/uploads\\\/2023\\\/07\\\/logo.svg.png\",\"width\":200,\"height\":237,\"caption\":\"Ambassade du S\u00e9n\u00e9gal \u00e0 Berlin - Botschaft Senegal\"},\"image\":{\"@id\":\"https:\\\/\\\/botschaft-senega-r4b19ptaoc.live-website.com\\\/#\\\/schema\\\/logo\\\/image\\\/\"}},{\"@type\":\"Person\",\"@id\":\"https:\\\/\\\/botschaft-senega-r4b19ptaoc.live-website.com\\\/#\\\/schema\\\/person\\\/3ae625ae9c06b3cef51cf6fb1f2d3be3\",\"name\":\"Ambassade S\u00e9n\u00e9gal Berlin\",\"image\":{\"@type\":\"ImageObject\",\"inLanguage\":\"de\",\"@id\":\"https:\\\/\\\/secure.gravatar.com\\\/avatar\\\/08e11eac2e954afcbc74ce3c7d208281fe059afdd76b3c81f44dbb2929deb38b?s=96&d=mm&r=g\",\"url\":\"https:\\\/\\\/secure.gravatar.com\\\/avatar\\\/08e11eac2e954afcbc74ce3c7d208281fe059afdd76b3c81f44dbb2929deb38b?s=96&d=mm&r=g\",\"contentUrl\":\"https:\\\/\\\/secure.gravatar.com\\\/avatar\\\/08e11eac2e954afcbc74ce3c7d208281fe059afdd76b3c81f44dbb2929deb38b?s=96&d=mm&r=g\",\"caption\":\"Ambassade S\u00e9n\u00e9gal Berlin\"},\"sameAs\":[\"https:\\\/\\\/botschaft-senegal.de\"],\"url\":\"https:\\\/\\\/botschaft-senegal.de\\\/de\\\/author\\\/admin\\\/\"}]}<\/script>\n<!-- \/ Yoast SEO plugin. -->","yoast_head_json":{"title":"Associations S\u00e9n\u00e9galaises en Allemagne - Ambassade du S&eacute;n&eacute;gal en Allemagne","description":"Communiqu\u00e9 - Publication de l'Ambassade - Informations pour les usagers --- Pressemitteilung - Ver\u00f6ffentlichung der Botschaft - Informationen f\u00fcr Benutzer --- Press release - Embassy publication - News","robots":{"index":"index","follow":"follow","max-snippet":"max-snippet:-1","max-image-preview":"max-image-preview:large","max-video-preview":"max-video-preview:-1"},"canonical":"https:\/\/botschaft-senega-r4b19ptaoc.live-website.com\/2023\/08\/associations-senegalaises-en-allemagne\/","og_locale":"de_DE","og_type":"article","og_title":"Associations S\u00e9n\u00e9galaises en Allemagne - Ambassade du S&eacute;n&eacute;gal en Allemagne","og_description":"Communiqu\u00e9 - Publication de l'Ambassade - Informations pour les usagers --- Pressemitteilung - Ver\u00f6ffentlichung der Botschaft - Informationen f\u00fcr Benutzer --- Press release - Embassy publication - News","og_url":"https:\/\/botschaft-senega-r4b19ptaoc.live-website.com\/2023\/08\/associations-senegalaises-en-allemagne\/","og_site_name":"Ambassade du S&eacute;n&eacute;gal en Allemagne","article_published_time":"2023-08-05T10:43:03+00:00","article_modified_time":"2023-12-06T15:17:40+00:00","og_image":[{"width":500,"height":500,"url":"https:\/\/botschaft-senega-r4b19ptaoc.live-website.com\/wp-content\/uploads\/2023\/08\/Associations-senegalaise.png","type":"image\/png"}],"author":"Ambassade S\u00e9n\u00e9gal Berlin","twitter_card":"summary_large_image","twitter_misc":{"Verfasst von":"Ambassade S\u00e9n\u00e9gal Berlin","Gesch\u00e4tzte Lesezeit":"1 Minute"},"schema":{"@context":"https:\/\/schema.org","@graph":[{"@type":"Article","@id":"https:\/\/botschaft-senega-r4b19ptaoc.live-website.com\/2023\/08\/associations-senegalaises-en-allemagne\/#article","isPartOf":{"@id":"https:\/\/botschaft-senega-r4b19ptaoc.live-website.com\/2023\/08\/associations-senegalaises-en-allemagne\/"},"author":{"name":"Ambassade S\u00e9n\u00e9gal Berlin","@id":"https:\/\/botschaft-senega-r4b19ptaoc.live-website.com\/#\/schema\/person\/3ae625ae9c06b3cef51cf6fb1f2d3be3"},"headline":"Associations S\u00e9n\u00e9galaises en Allemagne","datePublished":"2023-08-05T10:43:03+00:00","dateModified":"2023-12-06T15:17:40+00:00","mainEntityOfPage":{"@id":"https:\/\/botschaft-senega-r4b19ptaoc.live-website.com\/2023\/08\/associations-senegalaises-en-allemagne\/"},"wordCount":314,"publisher":{"@id":"https:\/\/botschaft-senega-r4b19ptaoc.live-website.com\/#organization"},"image":{"@id":"https:\/\/botschaft-senega-r4b19ptaoc.live-website.com\/2023\/08\/associations-senegalaises-en-allemagne\/#primaryimage"},"thumbnailUrl":"https:\/\/botschaft-senegal.de\/wp-content\/uploads\/2023\/08\/Associations-senegalaise.png","keywords":["associations senegalaise","communaut\u00e9 s\u00e9n\u00e9galaise en Allemagne","diapora senegal"],"articleSection":["Diaspora"],"inLanguage":"de"},{"@type":"WebPage","@id":"https:\/\/botschaft-senega-r4b19ptaoc.live-website.com\/2023\/08\/associations-senegalaises-en-allemagne\/","url":"https:\/\/botschaft-senega-r4b19ptaoc.live-website.com\/2023\/08\/associations-senegalaises-en-allemagne\/","name":"Associations S\u00e9n\u00e9galaises en Allemagne - Ambassade du S&eacute;n&eacute;gal en Allemagne","isPartOf":{"@id":"https:\/\/botschaft-senega-r4b19ptaoc.live-website.com\/#website"},"primaryImageOfPage":{"@id":"https:\/\/botschaft-senega-r4b19ptaoc.live-website.com\/2023\/08\/associations-senegalaises-en-allemagne\/#primaryimage"},"image":{"@id":"https:\/\/botschaft-senega-r4b19ptaoc.live-website.com\/2023\/08\/associations-senegalaises-en-allemagne\/#primaryimage"},"thumbnailUrl":"https:\/\/botschaft-senegal.de\/wp-content\/uploads\/2023\/08\/Associations-senegalaise.png","datePublished":"2023-08-05T10:43:03+00:00","dateModified":"2023-12-06T15:17:40+00:00","description":"Communiqu\u00e9 - Publication de l'Ambassade - Informations pour les usagers --- Pressemitteilung - Ver\u00f6ffentlichung der Botschaft - Informationen f\u00fcr Benutzer --- Press release - Embassy publication - News","breadcrumb":{"@id":"https:\/\/botschaft-senega-r4b19ptaoc.live-website.com\/2023\/08\/associations-senegalaises-en-allemagne\/#breadcrumb"},"inLanguage":"de","potentialAction":[{"@type":"ReadAction","target":["https:\/\/botschaft-senega-r4b19ptaoc.live-website.com\/2023\/08\/associations-senegalaises-en-allemagne\/"]}]},{"@type":"ImageObject","inLanguage":"de","@id":"https:\/\/botschaft-senega-r4b19ptaoc.live-website.com\/2023\/08\/associations-senegalaises-en-allemagne\/#primaryimage","url":"https:\/\/botschaft-senegal.de\/wp-content\/uploads\/2023\/08\/Associations-senegalaise.png","contentUrl":"https:\/\/botschaft-senegal.de\/wp-content\/uploads\/2023\/08\/Associations-senegalaise.png","width":500,"height":500},{"@type":"BreadcrumbList","@id":"https:\/\/botschaft-senega-r4b19ptaoc.live-website.com\/2023\/08\/associations-senegalaises-en-allemagne\/#breadcrumb","itemListElement":[{"@type":"ListItem","position":1,"name":"Accueil","item":"https:\/\/botschaft-senegal.de\/"},{"@type":"ListItem","position":2,"name":"Associations S\u00e9n\u00e9galaises en Allemagne"}]},{"@type":"WebSite","@id":"https:\/\/botschaft-senega-r4b19ptaoc.live-website.com\/#website","url":"https:\/\/botschaft-senega-r4b19ptaoc.live-website.com\/","name":"Ambassade du S\u00e9n\u00e9gal \u00e0 Berlin","description":"Ambassade du S&eacute;n&eacute;gal &agrave; Berlin","publisher":{"@id":"https:\/\/botschaft-senega-r4b19ptaoc.live-website.com\/#organization"},"alternateName":"Botschaft Senegal","potentialAction":[{"@type":"SearchAction","target":{"@type":"EntryPoint","urlTemplate":"https:\/\/botschaft-senega-r4b19ptaoc.live-website.com\/?s={search_term_string}"},"query-input":{"@type":"PropertyValueSpecification","valueRequired":true,"valueName":"search_term_string"}}],"inLanguage":"de"},{"@type":"Organization","@id":"https:\/\/botschaft-senega-r4b19ptaoc.live-website.com\/#organization","name":"Ambassade du S\u00e9n\u00e9gal \u00e0 Berlin - Botschaft Senegal","alternateName":"Botschaft senegal","url":"https:\/\/botschaft-senega-r4b19ptaoc.live-website.com\/","logo":{"@type":"ImageObject","inLanguage":"de","@id":"https:\/\/botschaft-senega-r4b19ptaoc.live-website.com\/#\/schema\/logo\/image\/","url":"https:\/\/botschaft-senegal.de\/wp-content\/uploads\/2023\/07\/logo.svg.png","contentUrl":"https:\/\/botschaft-senegal.de\/wp-content\/uploads\/2023\/07\/logo.svg.png","width":200,"height":237,"caption":"Ambassade du S\u00e9n\u00e9gal \u00e0 Berlin - Botschaft Senegal"},"image":{"@id":"https:\/\/botschaft-senega-r4b19ptaoc.live-website.com\/#\/schema\/logo\/image\/"}},{"@type":"Person","@id":"https:\/\/botschaft-senega-r4b19ptaoc.live-website.com\/#\/schema\/person\/3ae625ae9c06b3cef51cf6fb1f2d3be3","name":"Senegalesische Botschaft Berlin","image":{"@type":"ImageObject","inLanguage":"de","@id":"https:\/\/secure.gravatar.com\/avatar\/08e11eac2e954afcbc74ce3c7d208281fe059afdd76b3c81f44dbb2929deb38b?s=96&d=mm&r=g","url":"https:\/\/secure.gravatar.com\/avatar\/08e11eac2e954afcbc74ce3c7d208281fe059afdd76b3c81f44dbb2929deb38b?s=96&d=mm&r=g","contentUrl":"https:\/\/secure.gravatar.com\/avatar\/08e11eac2e954afcbc74ce3c7d208281fe059afdd76b3c81f44dbb2929deb38b?s=96&d=mm&r=g","caption":"Ambassade S\u00e9n\u00e9gal Berlin"},"sameAs":["https:\/\/botschaft-senegal.de"],"url":"https:\/\/botschaft-senegal.de\/de\/author\/admin\/"}]}},"_links":{"self":[{"href":"https:\/\/botschaft-senegal.de\/de\/wp-json\/wp\/v2\/posts\/261","targetHints":{"allow":["GET"]}}],"collection":[{"href":"https:\/\/botschaft-senegal.de\/de\/wp-json\/wp\/v2\/posts"}],"about":[{"href":"https:\/\/botschaft-senegal.de\/de\/wp-json\/wp\/v2\/types\/post"}],"author":[{"embeddable":true,"href":"https:\/\/botschaft-senegal.de\/de\/wp-json\/wp\/v2\/users\/1"}],"replies":[{"embeddable":true,"href":"https:\/\/botschaft-senegal.de\/de\/wp-json\/wp\/v2\/comments?post=261"}],"version-history":[{"count":13,"href":"https:\/\/botschaft-senegal.de\/de\/wp-json\/wp\/v2\/posts\/261\/revisions"}],"predecessor-version":[{"id":770,"href":"https:\/\/botschaft-senegal.de\/de\/wp-json\/wp\/v2\/posts\/261\/revisions\/770"}],"wp:featuredmedia":[{"embeddable":true,"href":"https:\/\/botschaft-senegal.de\/de\/wp-json\/wp\/v2\/media\/278"}],"wp:attachment":[{"href":"https:\/\/botschaft-senegal.de\/de\/wp-json\/wp\/v2\/media?parent=261"}],"wp:term":[{"taxonomy":"category","embeddable":true,"href":"https:\/\/botschaft-senegal.de\/de\/wp-json\/wp\/v2\/categories?post=261"},{"taxonomy":"post_tag","embeddable":true,"href":"https:\/\/botschaft-senegal.de\/de\/wp-json\/wp\/v2\/tags?post=261"}],"curies":[{"name":"wp","href":"https:\/\/api.w.org\/{rel}","templated":true}]}}