{"id":265,"date":"2023-08-05T13:50:29","date_gmt":"2023-08-05T11:50:29","guid":{"rendered":"https:\/\/botschaft-senegal.de\/?p=265"},"modified":"2023-10-27T14:35:57","modified_gmt":"2023-10-27T12:35:57","slug":"investissement-des-senegalais-de-lexterieur","status":"publish","type":"post","link":"https:\/\/botschaft-senegal.de\/de\/2023\/08\/investissement-des-senegalais-de-lexterieur\/","title":{"rendered":"Unterst\u00fctzung f\u00fcr Investitionen von im Ausland lebenden Senegalesen"},"content":{"rendered":"<h2 class=\"wp-block-heading has-medium-font-size\">Unterst\u00fctzung f\u00fcr Investitionen von im Ausland lebenden Senegalesen<\/h2>\n\n\n\n<div class=\"wp-block-columns is-layout-flex wp-container-core-columns-is-layout-28f84493 wp-block-columns-is-layout-flex\">\n<div class=\"wp-block-column is-layout-flow wp-block-column-is-layout-flow\" style=\"flex-basis:50%\">\n<div class=\"wp-block-group is-layout-constrained wp-block-group-is-layout-constrained\">\n<div class=\"wp-block-group is-layout-constrained wp-container-core-group-is-layout-a5945762 wp-block-group-is-layout-constrained\">\n<div class=\"wp-block-group is-layout-constrained wp-container-core-group-is-layout-731c369d wp-block-group-is-layout-constrained\"><style>.kb-image265_bb30b2-2c .kb-image-has-overlay:after{opacity:0.3;}<\/style>\n<figure class=\"wp-block-kadence-image kb-image265_bb30b2-2c size-medium\"><img loading=\"lazy\" decoding=\"async\" width=\"300\" height=\"300\" src=\"https:\/\/botschaft-senegal.de\/wp-content\/uploads\/2023\/08\/investir-au-senegal-300x300.jpg\" alt=\"Image investir a S\u00e9n\u00e9gal\" class=\"kb-img wp-image-266\" title=\"Image investir a S\u00e9n\u00e9gal\" srcset=\"https:\/\/botschaft-senegal.de\/wp-content\/uploads\/2023\/08\/investir-au-senegal-300x300.jpg 300w, https:\/\/botschaft-senegal.de\/wp-content\/uploads\/2023\/08\/investir-au-senegal-150x150.jpg 150w, https:\/\/botschaft-senegal.de\/wp-content\/uploads\/2023\/08\/investir-au-senegal.jpg 526w\" sizes=\"auto, (max-width: 300px) 100vw, 300px\" \/><\/figure>\n<\/div>\n<\/div>\n<\/div>\n<\/div>\n\n\n\n<div class=\"wp-block-column is-layout-flow wp-block-column-is-layout-flow\" style=\"flex-basis:70%\">\n<p>Composante essentielle de la diplomatie \u00e9conomique, l\u2019attraction des investissements constitue une politique active du Gouvernement du S\u00e9n\u00e9gal, d\u00e9clin\u00e9e \u00e0 travers le Plan S\u00e9n\u00e9gal Emergent et destin\u00e9e \u00e0 jouer un r\u00f4le-cl\u00e9 dans la transformation structurelle de notre \u00e9conomie. Au regard de l\u2019importante contribution de la diaspora au d\u00e9veloppement \u00e9conomique et social du pays, l\u2019Etat du S\u00e9n\u00e9gal a mis en place un nombre important de m\u00e9canismes pour non seulement promouvoir mais aussi accompagner l\u2019investissement des S\u00e9n\u00e9galais de l\u2019Ext\u00e9rieur.<\/p>\n<\/div>\n<\/div>\n\n\n\n<p>En effet, l\u2019\u00e9migration s\u00e9n\u00e9galaise est une source importante de flux financiers et mat\u00e9riels vers le S\u00e9n\u00e9gal. La part des transferts de fonds des S\u00e9n\u00e9galais de l\u2019Ext\u00e9rieur dans le PIB est pass\u00e9e de 6% en 2001 \u00e0 13% en 2017 (ANSD, 2018). Bien que prioritairement destin\u00e9s \u00e0 la consommation des m\u00e9nages, ces transferts indiquent, par leur taux de croissance, un potentiel d\u2019investissement \u00e9lev\u00e9 disponible dans la Diaspora. C\u2019est fort de ce constat que des initiatives gouvernementales ont \u00e9t\u00e9 prises en vue de r\u00e9orienter les envois de fonds vers l\u2019investissement \u00e9conomique productif.<\/p>\n\n\n\n<p>A cet \u00e9gard, les Ambassades et Consulats du S\u00e9n\u00e9gal \u00e0 l\u2019\u00e9tranger constituent des \u00ab portes d\u2019entr\u00e9e \u00bb pour les S\u00e9n\u00e9galais de l\u2019Ext\u00e9rieur d\u00e9sireux d\u2019investir dans leur pays d\u2019origine. Les repr\u00e9sentations diplomatiques et consulaires sont en mesure d\u2019informer les porteurs de projets des initiatives et m\u00e9canismes d\u2019accompagnement \u00e0 leur disposition au S\u00e9n\u00e9gal ainsi que des structures nationales pertinentes \u00e0 contacter dans le cadre d\u2019un projet d\u2019investissement.<\/p>\n\n\n\n<p>Au vu de la multiplicit\u00e9 des initiatives existantes au S\u00e9n\u00e9gal, la prise de contact avec les Ambassades et Consulats offre un surcro\u00eet de lisibilit\u00e9 \u00e0 l\u2019investisseur, en plus de lui donner l\u2019opportunit\u00e9 d\u2019introduire, par le biais des services diplomatiques et consulaires, des demandes d\u2019audience aupr\u00e8s des autorit\u00e9s comp\u00e9tentes, dans le cas de projets d\u2019une certaine envergure.<\/p>\n\n\n\n<p>L\u2019objectif de cette contribution est de donner un bref aper\u00e7u des principales structures ayant pour objectif g\u00e9n\u00e9ral ou sp\u00e9cifique d\u2019accompagner l\u2019investissement des S\u00e9n\u00e9galais de l\u2019Ext\u00e9rieur, en mettant le focus sur la facilitation de l\u2019investissement (APIX) et le financement (FAISE).<\/p>\n\n\n\n<h2 class=\"wp-block-heading has-medium-font-size\">Facilitation de l\u2019investissement : le Guichet Unique Diaspora (APIX)<\/h2>\n\n\n\n<p>Cr\u00e9\u00e9 au sein de l\u2019Agence s\u00e9n\u00e9galaise de Promotion des Investissements et des Grands Travaux (APIX S.A.), le Guichet Unique Diaspora a pour objectif de faciliter l\u2019investissement des S\u00e9n\u00e9galais de l\u2019Ext\u00e9rieur en \u00e9tant \u00e0 leur disposition pour tout ce qui touche \u00e0 la cr\u00e9ation des entreprises (conseil et assistance), le code des investissements, l\u2019acc\u00e8s au financement et au foncier.<\/p>\n\n\n\n<p>Signe de modernisation de l\u2019Administration s\u00e9n\u00e9galaise, le Guichet Unique Diaspora a \u00e0 la fois une pr\u00e9sence physique (au si\u00e8ge de l\u2019APIX) et virtuelle (\u00ab Espace Diaspora \u00bb dans le <a href=\"https:\/\/investinsenegal.com\/\" target=\"_blank\" rel=\"noreferrer noopener\">site internet de ladite Agence:<\/a>. Avec le Guichet Unique Diaspora, l\u2019usager peut acc\u00e9der aux \u00ab fiches fili\u00e8res \u00bb des secteurs porteurs ou encore \u00e0 des documents statistiques utiles \u00e0 la prise de la d\u00e9cision d\u2019investissement. Pour b\u00e9n\u00e9ficier des services du Guichet Unique Diaspora, l\u2019int\u00e9ress\u00e9 doit pr\u00e9senter un justificatif de sa situation d\u2019expatriation (carte consulaire, carte de s\u00e9jour etc.) ou, s\u2019il est de retour au S\u00e9n\u00e9gal, prouver que son installation ne date pas plus d\u2019un an (en pr\u00e9sentant, par exemple, le certificat de d\u00e9m\u00e9nagement fourni par une Ambassade ou un Consulat).<\/p>\n\n\n\n<p>Il convient de noter que la prise de contact avec le Guichet Unique Diaspora est une \u00e9tape importante. Elle permet de conna\u00eetre, en mati\u00e8re de cr\u00e9ation d\u2019entreprise par exemple, les avantages respectifs des diff\u00e9rents statuts de votre future soci\u00e9t\u00e9 (SA, SARL, GIE ou entreprise individuelle).<\/p>\n\n\n\n<p>L\u2019investisseur peut aussi avoir des \u00e9changes fructueux sur la localisation de son projet dans les diff\u00e9rentes r\u00e9gions du S\u00e9n\u00e9gal. Si plusieurs param\u00e8tres sont \u00e0 prendre en consid\u00e9ration dans cette perspective (l\u2019acc\u00e8s aux ressources, le transport, les co\u00fbts de production etc.), les incitations \u00e0 l\u2019investissement comme les avantages fiscaux, douaniers et sociaux consentis dans le cadre du Code des Investissements constituent une donn\u00e9e importante \u00e0 int\u00e9grer dans la phase de prise de la d\u00e9cision d\u2019investissement.<\/p>\n\n\n\n<p>Pour cela, il est important de prendre attache avec le Guichet Unique Diaspora et d\u2019explorer les avantages particuliers pr\u00e9vus aux articles 18 et 19 dudit Code, notamment les avantages douaniers (exon\u00e9ration de droits de douane \u00e0 l\u2019importation et suspension de la TVA exigible \u00e0 l\u2019entr\u00e9e) des mat\u00e9riels et des mat\u00e9riaux qui ne sont ni produits ni fabriqu\u00e9s au S\u00e9n\u00e9gal et qui sont destin\u00e9s de mani\u00e8re sp\u00e9cifique \u00e0 la production ou \u00e0 l\u2019exploitation dans le cadre du programme agr\u00e9\u00e9. Le Code pr\u00e9voit \u00e9galement des avantages fiscaux tels que l\u2019exon\u00e9ration de la Contribution Forfaitaire \u00e0 la Charge des Employeurs (CFCE) pendant cinq ans. De m\u00eame, au titre de l\u2019imp\u00f4t sur les b\u00e9n\u00e9fices, les entreprises nouvellement agr\u00e9\u00e9es sont autoris\u00e9es \u00e0 d\u00e9duire du montant du b\u00e9n\u00e9fice imposable une partie des investissements.<\/p>\n\n\n\n<p>L\u2019\u00e9ligibilit\u00e9 \u00e0 tous ces avantages particuliers d\u00e9pend du secteur d\u2019activit\u00e9s (agriculture ; activit\u00e9s manufacturi\u00e8res ; extraction ou transformation de substances min\u00e9rales ; tourisme ; sant\u00e9 ; \u00e9ducation etc.), du montant de l\u2019investissement (10 millions au minimum), de la localisation du projet, etc. C\u2019est pourquoi il est important pour les S\u00e9n\u00e9galais de l\u2019Ext\u00e9rieur de s\u2019entretenir avec le Guichet Unique pour s\u2019assurer que les activit\u00e9s pr\u00e9vues au S\u00e9n\u00e9gal ne sont pas exclues du champ d\u2019application du Code des investissements ou rel\u00e8vent tout simplement d\u2019autres Codes sp\u00e9cifiques. Dans ce dernier sc\u00e9nario, il convient toujours de v\u00e9rifier les avantages qu\u2019il est possible ou non de combiner. Il faut, \u00e0 c\u00f4t\u00e9 de ces politiques d\u2019accompagnement initi\u00e9es par l\u2019Etat du S\u00e9n\u00e9gal en vue de promouvoir l\u2019investissement de la diaspora, ajouter le volet financement.<\/p>\n\n\n\n<h2 class=\"wp-block-heading has-medium-font-size\">L\u2019appui financier \u00e0 l\u2019investissement des S\u00e9n\u00e9galais de l\u2019Ext\u00e9rieur : le FAISE<\/h2>\n\n\n\n<p>Comme son nom l\u2019indique clairement, le Fonds d\u2019Appui \u00e0 l\u2019Investissement des S\u00e9n\u00e9galais de l\u2019Ext\u00e9rieur (FAISE) s\u2019est donn\u00e9 pour ambition d\u2019accompagner les porteurs de projets de la diaspora dans le financement de leurs investissements au S\u00e9n\u00e9gal (http:\/\/faise.sn\/). Il est \u00e0 noter que le fonds sp\u00e9cial destin\u00e9 au financement des femmes de la diaspora dans leurs pays d\u2019accueil n\u2019est pas pris en compte par la pr\u00e9sente \u00e9tude qui est plut\u00f4t centr\u00e9e sur les activit\u00e9s d\u2019investissement effectu\u00e9es au S\u00e9n\u00e9gal. En tant que \u00ab fonds d\u2019appui \u00bb, le FAISE ne vise pas \u00e0 financer enti\u00e8rement les projets \u00e9ligibles, mais \u00e0 apporter son concours qui peut aller jusqu\u2019\u00e0 hauteur de 80%. L\u2019objectif du Gouvernement du S\u00e9n\u00e9gal de promouvoir le d\u00e9veloppement socio-\u00e9conomique des r\u00e9gions se traduit \u00e9galement, dans le cadre du FAISE, \u00e0 leur priorisation dans la localisation des projets.<\/p>\n\n\n\n<p>Ce crit\u00e8re important d\u2019\u00e9ligibilit\u00e9 s\u2019ajoute \u00e0 celui du secteur d\u2019activit\u00e9s cibl\u00e9 par l\u2019investisseur (agriculture et agrobusiness ; technologies de l\u2019information ; tourisme, industrie culturelle et artisanat d\u2019art ; textile et confection ; produits de la mer et aquaculture). En cela, le FAISE et le Code des Investissements reposent presque sur les m\u00eames formes d\u2019incitations \u00e0 l\u2019investissement. Un projet \u00e9ligible au FAISE peut donc facilement tomber dans le champ d\u2019application dudit Code et b\u00e9n\u00e9ficier des avantages particuliers pr\u00e9vus dans ce cadre (avantages fiscaux, douaniers et sociaux). Cet esprit commun, qui exemplifie une politique gouvernementale coh\u00e9rente, est d\u2019autant plus saillant que l\u2019\u00e9valuation des projets soumis au FAISE prend normalement en compte l\u2019investissement dans les secteurs non seulement \u00e0 fort potentiel de croissance, mais \u00e9galement g\u00e9n\u00e9rateurs d\u2019emplois et \u00e0 impact positif sur les populations locales. Un projet r\u00e9unissant ces crit\u00e8res et poss\u00e9dant une viabilit\u00e9 \u00e9conomique av\u00e9r\u00e9e est ainsi \u00e9ligible \u00e0 un financement pouvant aller jusqu\u2019\u00e0 quinze millions (15.000.000) de francs CFA, remboursable sur cinq (05) ans, avec un taux d\u2019int\u00e9r\u00eat de 6%.<\/p>\n\n\n\n<p><strong>&nbsp; &nbsp; En sus des crit\u00e8res relatifs au projet en tant que tel, le promoteur lui-m\u00eame doit satisfaire aux conditions suivantes :<\/strong><\/p>\n\n\n\n<p>&#8211; Etre s\u00e9n\u00e9galais de l\u2019ext\u00e9rieur et disposer d\u2019une carte consulaire, d\u2019un permis de s\u00e9jour ou de tout autre justificatif de s\u00e9jour \u00e0 l\u2019ext\u00e9rieur pertinent (ce qui rappelle la n\u00e9cessit\u00e9 de se faire conna\u00eetre des Ambassades et Consulats en proc\u00e9dant \u00e0 la formalit\u00e9 de l\u2019immatriculation consulaire) ;<\/p>\n\n\n\n<p>&#8211; Fournir un curriculum vitae soulignant, au besoin, les comp\u00e9tences et l\u2019exp\u00e9rience dans le domaine d\u2019investissement cible ;<\/p>\n\n\n\n<p>&#8211; Disposer d\u2019un apport personnel de 10% au budget du projet ;<\/p>\n\n\n\n<p>&#8211; \u00c9laborer un dossier comprenant une lettre adress\u00e9e au Ministre des Affaires \u00e9trang\u00e8res et des S\u00e9n\u00e9galais de l\u2019Ext\u00e9rieur (2, Place de l\u2019Ind\u00e9pendance, Dakar) et quatre (04) exemplaires d\u2019une \u00e9tude de faisabilit\u00e9.<\/p>\n\n\n\n<p>Il convient, \u00e0 ce niveau, de pr\u00e9ciser que le d\u00e9p\u00f4t des dossiers se fait, pour ceux qui sont \u00e0 l\u2019\u00e9tranger, au niveau des ambassades et consulats, et pour ceux qui sont au S\u00e9n\u00e9gal, \u00e0 la Direction g\u00e9n\u00e9rale d\u2019Appui aux S\u00e9n\u00e9galais de l\u2019Ext\u00e9rieur (DGASE), pr\u00e9cis\u00e9ment \u00e0 la Direction de l\u2019Appui \u00e0 l\u2019Investissement et aux Projets (DAIP). Cette derni\u00e8re, apr\u00e8s \u00e9tude des dossiers, les transmet au FAISE.<\/p>\n\n\n\n<p>Il est important de souligner que plusieurs S\u00e9n\u00e9galais de l\u2019Ext\u00e9rieur peuvent valablement se joindre pour porter ensemble un projet d\u2019investissement \u00e9ligible au FAISE. Il reste toutefois clair que celui-ci ne peut, de fa\u00e7on r\u00e9aliste, satisfaire toutes les demandes \u00e9ligibles. L\u2019exploration d\u2019autres m\u00e9canismes de financement disponibles doit donc \u00eatre une priorit\u00e9 pour tout membre de la diaspora d\u00e9sireux de contribuer au d\u00e9veloppement \u00e9conomique et social de son pays sous la forme d\u2019un investissement g\u00e9n\u00e9rateur de croissance et d\u2019emplois.<\/p>\n\n\n\n<p>Ainsi, il conviendrait de songer aux projets et programmes visant \u00e0 mobiliser les ressources financi\u00e8res et\/ou l\u2019expertise des S\u00e9n\u00e9galais de l\u2019Ext\u00e9rieur en vue de leur investissement au S\u00e9n\u00e9gal. A ce propos, l\u2019initiative du Fonds souverain d\u2019Investissment strat\u00e9gique (FONSIS) \u00e0 savoir l\u2019\u00e9mission d\u2019obligation diaspora doit \u00eatre promue et encourag\u00e9e.<\/p>\n\n\n\n<p>Quoique g\u00e9n\u00e9ralement limit\u00e9es aux S\u00e9n\u00e9galais install\u00e9s dans certains pays, des initiatives de co-investissement telles que le Programme d\u2019Appui aux Initiatives de Solidarit\u00e9 pour le D\u00e9veloppement (PAISD, cofinanc\u00e9 par l\u2019Etat du S\u00e9n\u00e9gal, l\u2019Union europ\u00e9enne et l\u2019Agence fran\u00e7aise de D\u00e9veloppement : https:\/\/paisd.sn\/) ou encore Diafrikinvest (financ\u00e9 par l\u2019UE : https:\/\/www.diafrikinvest.com\/), ont un bilan positif av\u00e9r\u00e9 dans l\u2019accompagnement des membres de la diaspora souhaitant apporter leur contribution au d\u00e9veloppement \u00e9conomique et social du S\u00e9n\u00e9gal. De m\u00eame, des projets d\u2019aide au retour (avec appui \u00e0 l\u2019investissement) sont parfois financ\u00e9s par des pays d\u2019accueil en partenariat direct avec des cabinets au S\u00e9n\u00e9gal en mesure d\u2019en assurer le suivi-\u00e9valuation, ou \u00e0 travers l\u2019Organisation internationale pour les mMigrations (https:\/\/www.iom.int\/fr\/aide-au-retour-volontaire-et-la-reintegration-avrr).<\/p>\n\n\n\n<p>D\u2019o\u00f9 l\u2019int\u00e9r\u00eat crucial, pour tout S\u00e9n\u00e9galais de l\u2019Ext\u00e9rieur d\u00e9sireux d\u2019investir ou de rentrer au pays, de s\u2019approcher des services diplomatiques ou consulaires, afin d\u2019obtenir de plus amples informations sur les options d\u2019accompagnement (facilitation et financement) disponibles pour les divers projets d\u2019investissement ou de contribution solidaire \u00e0 l\u2019am\u00e9lioration de la situation socio-\u00e9conomique du S\u00e9n\u00e9gal.<\/p>","protected":false},"excerpt":{"rendered":"<p>Investitionen von im Ausland lebenden Senegalesen<br \/>\nBegleitende Unterst\u00fctzung von FAISE und APIX<\/p>","protected":false},"author":1,"featured_media":266,"comment_status":"closed","ping_status":"open","sticky":false,"template":"","format":"standard","meta":{"footnotes":""},"categories":[9],"tags":[15,13,12,14,16],"class_list":["post-265","post","type-post","status-publish","format-standard","has-post-thumbnail","hentry","category-diaspora","tag-apix","tag-communaute-senegalaise-en-allemagne","tag-diapora-senegal","tag-faise","tag-investir-au-senegal"],"blocksy_meta":[],"yoast_head":"<!-- This site is optimized with the Yoast SEO plugin v27.5 - https:\/\/yoast.com\/product\/yoast-seo-wordpress\/ -->\n<title>Accompagnement de l&#039;investissement des s\u00e9n\u00e9galais de l&#039;ext\u00e9rieur - Ambassade du S&eacute;n&eacute;gal en Allemagne<\/title>\n<meta name=\"description\" content=\"Communiqu\u00e9 - Publication de l&#039;Ambassade - Informations pour les usagers --- Pressemitteilung - Ver\u00f6ffentlichung der Botschaft - Informationen f\u00fcr Benutzer --- Press release - Embassy publication - News\" \/>\n<meta name=\"robots\" content=\"index, follow, max-snippet:-1, max-image-preview:large, max-video-preview:-1\" \/>\n<link rel=\"canonical\" href=\"https:\/\/botschaft-senega-r4b19ptaoc.live-website.com\/2023\/08\/investissement-des-senegalais-de-lexterieur\/\" \/>\n<meta property=\"og:locale\" content=\"de_DE\" \/>\n<meta property=\"og:type\" content=\"article\" \/>\n<meta property=\"og:title\" content=\"Accompagnement de l&#039;investissement des s\u00e9n\u00e9galais de l&#039;ext\u00e9rieur - Ambassade du S&eacute;n&eacute;gal en Allemagne\" \/>\n<meta property=\"og:description\" content=\"Communiqu\u00e9 - Publication de l&#039;Ambassade - Informations pour les usagers --- Pressemitteilung - Ver\u00f6ffentlichung der Botschaft - Informationen f\u00fcr Benutzer --- Press release - Embassy publication - News\" \/>\n<meta property=\"og:url\" content=\"https:\/\/botschaft-senega-r4b19ptaoc.live-website.com\/2023\/08\/investissement-des-senegalais-de-lexterieur\/\" \/>\n<meta property=\"og:site_name\" content=\"Ambassade du S&eacute;n&eacute;gal en Allemagne\" \/>\n<meta property=\"article:published_time\" content=\"2023-08-05T11:50:29+00:00\" \/>\n<meta property=\"article:modified_time\" content=\"2023-10-27T12:35:57+00:00\" \/>\n<meta property=\"og:image\" content=\"https:\/\/botschaft-senega-r4b19ptaoc.live-website.com\/wp-content\/uploads\/2023\/08\/investir-au-senegal.jpg\" \/>\n\t<meta property=\"og:image:width\" content=\"526\" \/>\n\t<meta property=\"og:image:height\" content=\"526\" \/>\n\t<meta property=\"og:image:type\" content=\"image\/jpeg\" \/>\n<meta name=\"author\" content=\"Ambassade S\u00e9n\u00e9gal Berlin\" \/>\n<meta name=\"twitter:card\" content=\"summary_large_image\" \/>\n<meta name=\"twitter:label1\" content=\"Verfasst von\" \/>\n\t<meta name=\"twitter:data1\" content=\"Ambassade S\u00e9n\u00e9gal Berlin\" \/>\n\t<meta name=\"twitter:label2\" content=\"Gesch\u00e4tzte Lesezeit\" \/>\n\t<meta name=\"twitter:data2\" content=\"10 Minuten\" \/>\n<script type=\"application\/ld+json\" class=\"yoast-schema-graph\">{\"@context\":\"https:\\\/\\\/schema.org\",\"@graph\":[{\"@type\":\"Article\",\"@id\":\"https:\\\/\\\/botschaft-senega-r4b19ptaoc.live-website.com\\\/2023\\\/08\\\/investissement-des-senegalais-de-lexterieur\\\/#article\",\"isPartOf\":{\"@id\":\"https:\\\/\\\/botschaft-senega-r4b19ptaoc.live-website.com\\\/2023\\\/08\\\/investissement-des-senegalais-de-lexterieur\\\/\"},\"author\":{\"name\":\"Ambassade S\u00e9n\u00e9gal Berlin\",\"@id\":\"https:\\\/\\\/botschaft-senega-r4b19ptaoc.live-website.com\\\/#\\\/schema\\\/person\\\/3ae625ae9c06b3cef51cf6fb1f2d3be3\"},\"headline\":\"Accompagnement de l&rsquo;investissement des s\u00e9n\u00e9galais de l&rsquo;ext\u00e9rieur\",\"datePublished\":\"2023-08-05T11:50:29+00:00\",\"dateModified\":\"2023-10-27T12:35:57+00:00\",\"mainEntityOfPage\":{\"@id\":\"https:\\\/\\\/botschaft-senega-r4b19ptaoc.live-website.com\\\/2023\\\/08\\\/investissement-des-senegalais-de-lexterieur\\\/\"},\"wordCount\":2025,\"publisher\":{\"@id\":\"https:\\\/\\\/botschaft-senega-r4b19ptaoc.live-website.com\\\/#organization\"},\"image\":{\"@id\":\"https:\\\/\\\/botschaft-senega-r4b19ptaoc.live-website.com\\\/2023\\\/08\\\/investissement-des-senegalais-de-lexterieur\\\/#primaryimage\"},\"thumbnailUrl\":\"https:\\\/\\\/botschaft-senegal.de\\\/wp-content\\\/uploads\\\/2023\\\/08\\\/investir-au-senegal.jpg\",\"keywords\":[\"APIX\",\"communaut\u00e9 s\u00e9n\u00e9galaise en Allemagne\",\"diapora senegal\",\"faise\",\"investir au senegal\"],\"articleSection\":[\"Diaspora\"],\"inLanguage\":\"de\"},{\"@type\":\"WebPage\",\"@id\":\"https:\\\/\\\/botschaft-senega-r4b19ptaoc.live-website.com\\\/2023\\\/08\\\/investissement-des-senegalais-de-lexterieur\\\/\",\"url\":\"https:\\\/\\\/botschaft-senega-r4b19ptaoc.live-website.com\\\/2023\\\/08\\\/investissement-des-senegalais-de-lexterieur\\\/\",\"name\":\"Accompagnement de l'investissement des s\u00e9n\u00e9galais de l'ext\u00e9rieur - Ambassade du S&eacute;n&eacute;gal en Allemagne\",\"isPartOf\":{\"@id\":\"https:\\\/\\\/botschaft-senega-r4b19ptaoc.live-website.com\\\/#website\"},\"primaryImageOfPage\":{\"@id\":\"https:\\\/\\\/botschaft-senega-r4b19ptaoc.live-website.com\\\/2023\\\/08\\\/investissement-des-senegalais-de-lexterieur\\\/#primaryimage\"},\"image\":{\"@id\":\"https:\\\/\\\/botschaft-senega-r4b19ptaoc.live-website.com\\\/2023\\\/08\\\/investissement-des-senegalais-de-lexterieur\\\/#primaryimage\"},\"thumbnailUrl\":\"https:\\\/\\\/botschaft-senegal.de\\\/wp-content\\\/uploads\\\/2023\\\/08\\\/investir-au-senegal.jpg\",\"datePublished\":\"2023-08-05T11:50:29+00:00\",\"dateModified\":\"2023-10-27T12:35:57+00:00\",\"description\":\"Communiqu\u00e9 - Publication de l'Ambassade - Informations pour les usagers --- Pressemitteilung - Ver\u00f6ffentlichung der Botschaft - Informationen f\u00fcr Benutzer --- Press release - Embassy publication - News\",\"breadcrumb\":{\"@id\":\"https:\\\/\\\/botschaft-senega-r4b19ptaoc.live-website.com\\\/2023\\\/08\\\/investissement-des-senegalais-de-lexterieur\\\/#breadcrumb\"},\"inLanguage\":\"de\",\"potentialAction\":[{\"@type\":\"ReadAction\",\"target\":[\"https:\\\/\\\/botschaft-senega-r4b19ptaoc.live-website.com\\\/2023\\\/08\\\/investissement-des-senegalais-de-lexterieur\\\/\"]}]},{\"@type\":\"ImageObject\",\"inLanguage\":\"de\",\"@id\":\"https:\\\/\\\/botschaft-senega-r4b19ptaoc.live-website.com\\\/2023\\\/08\\\/investissement-des-senegalais-de-lexterieur\\\/#primaryimage\",\"url\":\"https:\\\/\\\/botschaft-senegal.de\\\/wp-content\\\/uploads\\\/2023\\\/08\\\/investir-au-senegal.jpg\",\"contentUrl\":\"https:\\\/\\\/botschaft-senegal.de\\\/wp-content\\\/uploads\\\/2023\\\/08\\\/investir-au-senegal.jpg\",\"width\":526,\"height\":526,\"caption\":\"investir au S\u00e9n\u00e9gal\"},{\"@type\":\"BreadcrumbList\",\"@id\":\"https:\\\/\\\/botschaft-senega-r4b19ptaoc.live-website.com\\\/2023\\\/08\\\/investissement-des-senegalais-de-lexterieur\\\/#breadcrumb\",\"itemListElement\":[{\"@type\":\"ListItem\",\"position\":1,\"name\":\"Accueil\",\"item\":\"https:\\\/\\\/botschaft-senegal.de\\\/\"},{\"@type\":\"ListItem\",\"position\":2,\"name\":\"Accompagnement de l&rsquo;investissement des s\u00e9n\u00e9galais de l&rsquo;ext\u00e9rieur\"}]},{\"@type\":\"WebSite\",\"@id\":\"https:\\\/\\\/botschaft-senega-r4b19ptaoc.live-website.com\\\/#website\",\"url\":\"https:\\\/\\\/botschaft-senega-r4b19ptaoc.live-website.com\\\/\",\"name\":\"Ambassade du S\u00e9n\u00e9gal \u00e0 Berlin\",\"description\":\"Ambassade du S&eacute;n&eacute;gal &agrave; Berlin\",\"publisher\":{\"@id\":\"https:\\\/\\\/botschaft-senega-r4b19ptaoc.live-website.com\\\/#organization\"},\"alternateName\":\"Botschaft Senegal\",\"potentialAction\":[{\"@type\":\"SearchAction\",\"target\":{\"@type\":\"EntryPoint\",\"urlTemplate\":\"https:\\\/\\\/botschaft-senega-r4b19ptaoc.live-website.com\\\/?s={search_term_string}\"},\"query-input\":{\"@type\":\"PropertyValueSpecification\",\"valueRequired\":true,\"valueName\":\"search_term_string\"}}],\"inLanguage\":\"de\"},{\"@type\":\"Organization\",\"@id\":\"https:\\\/\\\/botschaft-senega-r4b19ptaoc.live-website.com\\\/#organization\",\"name\":\"Ambassade du S\u00e9n\u00e9gal \u00e0 Berlin - Botschaft Senegal\",\"alternateName\":\"Botschaft senegal\",\"url\":\"https:\\\/\\\/botschaft-senega-r4b19ptaoc.live-website.com\\\/\",\"logo\":{\"@type\":\"ImageObject\",\"inLanguage\":\"de\",\"@id\":\"https:\\\/\\\/botschaft-senega-r4b19ptaoc.live-website.com\\\/#\\\/schema\\\/logo\\\/image\\\/\",\"url\":\"https:\\\/\\\/botschaft-senegal.de\\\/wp-content\\\/uploads\\\/2023\\\/07\\\/logo.svg.png\",\"contentUrl\":\"https:\\\/\\\/botschaft-senegal.de\\\/wp-content\\\/uploads\\\/2023\\\/07\\\/logo.svg.png\",\"width\":200,\"height\":237,\"caption\":\"Ambassade du S\u00e9n\u00e9gal \u00e0 Berlin - Botschaft Senegal\"},\"image\":{\"@id\":\"https:\\\/\\\/botschaft-senega-r4b19ptaoc.live-website.com\\\/#\\\/schema\\\/logo\\\/image\\\/\"}},{\"@type\":\"Person\",\"@id\":\"https:\\\/\\\/botschaft-senega-r4b19ptaoc.live-website.com\\\/#\\\/schema\\\/person\\\/3ae625ae9c06b3cef51cf6fb1f2d3be3\",\"name\":\"Ambassade S\u00e9n\u00e9gal Berlin\",\"image\":{\"@type\":\"ImageObject\",\"inLanguage\":\"de\",\"@id\":\"https:\\\/\\\/secure.gravatar.com\\\/avatar\\\/08e11eac2e954afcbc74ce3c7d208281fe059afdd76b3c81f44dbb2929deb38b?s=96&d=mm&r=g\",\"url\":\"https:\\\/\\\/secure.gravatar.com\\\/avatar\\\/08e11eac2e954afcbc74ce3c7d208281fe059afdd76b3c81f44dbb2929deb38b?s=96&d=mm&r=g\",\"contentUrl\":\"https:\\\/\\\/secure.gravatar.com\\\/avatar\\\/08e11eac2e954afcbc74ce3c7d208281fe059afdd76b3c81f44dbb2929deb38b?s=96&d=mm&r=g\",\"caption\":\"Ambassade S\u00e9n\u00e9gal Berlin\"},\"sameAs\":[\"https:\\\/\\\/botschaft-senegal.de\"],\"url\":\"https:\\\/\\\/botschaft-senegal.de\\\/de\\\/author\\\/admin\\\/\"}]}<\/script>\n<!-- \/ Yoast SEO plugin. -->","yoast_head_json":{"title":"Accompagnement de l'investissement des s\u00e9n\u00e9galais de l'ext\u00e9rieur - Ambassade du S&eacute;n&eacute;gal en Allemagne","description":"Communiqu\u00e9 - Publication de l'Ambassade - Informations pour les usagers --- Pressemitteilung - Ver\u00f6ffentlichung der Botschaft - Informationen f\u00fcr Benutzer --- Press release - Embassy publication - News","robots":{"index":"index","follow":"follow","max-snippet":"max-snippet:-1","max-image-preview":"max-image-preview:large","max-video-preview":"max-video-preview:-1"},"canonical":"https:\/\/botschaft-senega-r4b19ptaoc.live-website.com\/2023\/08\/investissement-des-senegalais-de-lexterieur\/","og_locale":"de_DE","og_type":"article","og_title":"Accompagnement de l'investissement des s\u00e9n\u00e9galais de l'ext\u00e9rieur - Ambassade du S&eacute;n&eacute;gal en Allemagne","og_description":"Communiqu\u00e9 - Publication de l'Ambassade - Informations pour les usagers --- Pressemitteilung - Ver\u00f6ffentlichung der Botschaft - Informationen f\u00fcr Benutzer --- Press release - Embassy publication - News","og_url":"https:\/\/botschaft-senega-r4b19ptaoc.live-website.com\/2023\/08\/investissement-des-senegalais-de-lexterieur\/","og_site_name":"Ambassade du S&eacute;n&eacute;gal en Allemagne","article_published_time":"2023-08-05T11:50:29+00:00","article_modified_time":"2023-10-27T12:35:57+00:00","og_image":[{"width":526,"height":526,"url":"https:\/\/botschaft-senega-r4b19ptaoc.live-website.com\/wp-content\/uploads\/2023\/08\/investir-au-senegal.jpg","type":"image\/jpeg"}],"author":"Ambassade S\u00e9n\u00e9gal Berlin","twitter_card":"summary_large_image","twitter_misc":{"Verfasst von":"Ambassade S\u00e9n\u00e9gal Berlin","Gesch\u00e4tzte Lesezeit":"10 Minuten"},"schema":{"@context":"https:\/\/schema.org","@graph":[{"@type":"Article","@id":"https:\/\/botschaft-senega-r4b19ptaoc.live-website.com\/2023\/08\/investissement-des-senegalais-de-lexterieur\/#article","isPartOf":{"@id":"https:\/\/botschaft-senega-r4b19ptaoc.live-website.com\/2023\/08\/investissement-des-senegalais-de-lexterieur\/"},"author":{"name":"Ambassade S\u00e9n\u00e9gal Berlin","@id":"https:\/\/botschaft-senega-r4b19ptaoc.live-website.com\/#\/schema\/person\/3ae625ae9c06b3cef51cf6fb1f2d3be3"},"headline":"Accompagnement de l&rsquo;investissement des s\u00e9n\u00e9galais de l&rsquo;ext\u00e9rieur","datePublished":"2023-08-05T11:50:29+00:00","dateModified":"2023-10-27T12:35:57+00:00","mainEntityOfPage":{"@id":"https:\/\/botschaft-senega-r4b19ptaoc.live-website.com\/2023\/08\/investissement-des-senegalais-de-lexterieur\/"},"wordCount":2025,"publisher":{"@id":"https:\/\/botschaft-senega-r4b19ptaoc.live-website.com\/#organization"},"image":{"@id":"https:\/\/botschaft-senega-r4b19ptaoc.live-website.com\/2023\/08\/investissement-des-senegalais-de-lexterieur\/#primaryimage"},"thumbnailUrl":"https:\/\/botschaft-senegal.de\/wp-content\/uploads\/2023\/08\/investir-au-senegal.jpg","keywords":["APIX","communaut\u00e9 s\u00e9n\u00e9galaise en Allemagne","diapora senegal","faise","investir au senegal"],"articleSection":["Diaspora"],"inLanguage":"de"},{"@type":"WebPage","@id":"https:\/\/botschaft-senega-r4b19ptaoc.live-website.com\/2023\/08\/investissement-des-senegalais-de-lexterieur\/","url":"https:\/\/botschaft-senega-r4b19ptaoc.live-website.com\/2023\/08\/investissement-des-senegalais-de-lexterieur\/","name":"Accompagnement de l'investissement des s\u00e9n\u00e9galais de l'ext\u00e9rieur - Ambassade du S&eacute;n&eacute;gal en Allemagne","isPartOf":{"@id":"https:\/\/botschaft-senega-r4b19ptaoc.live-website.com\/#website"},"primaryImageOfPage":{"@id":"https:\/\/botschaft-senega-r4b19ptaoc.live-website.com\/2023\/08\/investissement-des-senegalais-de-lexterieur\/#primaryimage"},"image":{"@id":"https:\/\/botschaft-senega-r4b19ptaoc.live-website.com\/2023\/08\/investissement-des-senegalais-de-lexterieur\/#primaryimage"},"thumbnailUrl":"https:\/\/botschaft-senegal.de\/wp-content\/uploads\/2023\/08\/investir-au-senegal.jpg","datePublished":"2023-08-05T11:50:29+00:00","dateModified":"2023-10-27T12:35:57+00:00","description":"Communiqu\u00e9 - Publication de l'Ambassade - Informations pour les usagers --- Pressemitteilung - Ver\u00f6ffentlichung der Botschaft - Informationen f\u00fcr Benutzer --- Press release - Embassy publication - News","breadcrumb":{"@id":"https:\/\/botschaft-senega-r4b19ptaoc.live-website.com\/2023\/08\/investissement-des-senegalais-de-lexterieur\/#breadcrumb"},"inLanguage":"de","potentialAction":[{"@type":"ReadAction","target":["https:\/\/botschaft-senega-r4b19ptaoc.live-website.com\/2023\/08\/investissement-des-senegalais-de-lexterieur\/"]}]},{"@type":"ImageObject","inLanguage":"de","@id":"https:\/\/botschaft-senega-r4b19ptaoc.live-website.com\/2023\/08\/investissement-des-senegalais-de-lexterieur\/#primaryimage","url":"https:\/\/botschaft-senegal.de\/wp-content\/uploads\/2023\/08\/investir-au-senegal.jpg","contentUrl":"https:\/\/botschaft-senegal.de\/wp-content\/uploads\/2023\/08\/investir-au-senegal.jpg","width":526,"height":526,"caption":"investir au S\u00e9n\u00e9gal"},{"@type":"BreadcrumbList","@id":"https:\/\/botschaft-senega-r4b19ptaoc.live-website.com\/2023\/08\/investissement-des-senegalais-de-lexterieur\/#breadcrumb","itemListElement":[{"@type":"ListItem","position":1,"name":"Accueil","item":"https:\/\/botschaft-senegal.de\/"},{"@type":"ListItem","position":2,"name":"Accompagnement de l&rsquo;investissement des s\u00e9n\u00e9galais de l&rsquo;ext\u00e9rieur"}]},{"@type":"WebSite","@id":"https:\/\/botschaft-senega-r4b19ptaoc.live-website.com\/#website","url":"https:\/\/botschaft-senega-r4b19ptaoc.live-website.com\/","name":"Ambassade du S\u00e9n\u00e9gal \u00e0 Berlin","description":"Ambassade du S&eacute;n&eacute;gal &agrave; Berlin","publisher":{"@id":"https:\/\/botschaft-senega-r4b19ptaoc.live-website.com\/#organization"},"alternateName":"Botschaft Senegal","potentialAction":[{"@type":"SearchAction","target":{"@type":"EntryPoint","urlTemplate":"https:\/\/botschaft-senega-r4b19ptaoc.live-website.com\/?s={search_term_string}"},"query-input":{"@type":"PropertyValueSpecification","valueRequired":true,"valueName":"search_term_string"}}],"inLanguage":"de"},{"@type":"Organization","@id":"https:\/\/botschaft-senega-r4b19ptaoc.live-website.com\/#organization","name":"Ambassade du S\u00e9n\u00e9gal \u00e0 Berlin - Botschaft Senegal","alternateName":"Botschaft senegal","url":"https:\/\/botschaft-senega-r4b19ptaoc.live-website.com\/","logo":{"@type":"ImageObject","inLanguage":"de","@id":"https:\/\/botschaft-senega-r4b19ptaoc.live-website.com\/#\/schema\/logo\/image\/","url":"https:\/\/botschaft-senegal.de\/wp-content\/uploads\/2023\/07\/logo.svg.png","contentUrl":"https:\/\/botschaft-senegal.de\/wp-content\/uploads\/2023\/07\/logo.svg.png","width":200,"height":237,"caption":"Ambassade du S\u00e9n\u00e9gal \u00e0 Berlin - Botschaft Senegal"},"image":{"@id":"https:\/\/botschaft-senega-r4b19ptaoc.live-website.com\/#\/schema\/logo\/image\/"}},{"@type":"Person","@id":"https:\/\/botschaft-senega-r4b19ptaoc.live-website.com\/#\/schema\/person\/3ae625ae9c06b3cef51cf6fb1f2d3be3","name":"Senegalesische Botschaft Berlin","image":{"@type":"ImageObject","inLanguage":"de","@id":"https:\/\/secure.gravatar.com\/avatar\/08e11eac2e954afcbc74ce3c7d208281fe059afdd76b3c81f44dbb2929deb38b?s=96&d=mm&r=g","url":"https:\/\/secure.gravatar.com\/avatar\/08e11eac2e954afcbc74ce3c7d208281fe059afdd76b3c81f44dbb2929deb38b?s=96&d=mm&r=g","contentUrl":"https:\/\/secure.gravatar.com\/avatar\/08e11eac2e954afcbc74ce3c7d208281fe059afdd76b3c81f44dbb2929deb38b?s=96&d=mm&r=g","caption":"Ambassade S\u00e9n\u00e9gal Berlin"},"sameAs":["https:\/\/botschaft-senegal.de"],"url":"https:\/\/botschaft-senegal.de\/de\/author\/admin\/"}]}},"_links":{"self":[{"href":"https:\/\/botschaft-senegal.de\/de\/wp-json\/wp\/v2\/posts\/265","targetHints":{"allow":["GET"]}}],"collection":[{"href":"https:\/\/botschaft-senegal.de\/de\/wp-json\/wp\/v2\/posts"}],"about":[{"href":"https:\/\/botschaft-senegal.de\/de\/wp-json\/wp\/v2\/types\/post"}],"author":[{"embeddable":true,"href":"https:\/\/botschaft-senegal.de\/de\/wp-json\/wp\/v2\/users\/1"}],"replies":[{"embeddable":true,"href":"https:\/\/botschaft-senegal.de\/de\/wp-json\/wp\/v2\/comments?post=265"}],"version-history":[{"count":7,"href":"https:\/\/botschaft-senegal.de\/de\/wp-json\/wp\/v2\/posts\/265\/revisions"}],"predecessor-version":[{"id":663,"href":"https:\/\/botschaft-senegal.de\/de\/wp-json\/wp\/v2\/posts\/265\/revisions\/663"}],"wp:featuredmedia":[{"embeddable":true,"href":"https:\/\/botschaft-senegal.de\/de\/wp-json\/wp\/v2\/media\/266"}],"wp:attachment":[{"href":"https:\/\/botschaft-senegal.de\/de\/wp-json\/wp\/v2\/media?parent=265"}],"wp:term":[{"taxonomy":"category","embeddable":true,"href":"https:\/\/botschaft-senegal.de\/de\/wp-json\/wp\/v2\/categories?post=265"},{"taxonomy":"post_tag","embeddable":true,"href":"https:\/\/botschaft-senegal.de\/de\/wp-json\/wp\/v2\/tags?post=265"}],"curies":[{"name":"wp","href":"https:\/\/api.w.org\/{rel}","templated":true}]}}