{"id":347,"date":"2023-08-07T14:09:04","date_gmt":"2023-08-07T12:09:04","guid":{"rendered":"https:\/\/botschaft-senegal.de\/?p=347"},"modified":"2023-12-09T22:42:59","modified_gmt":"2023-12-09T21:42:59","slug":"jours-feries","status":"publish","type":"post","link":"https:\/\/botschaft-senegal.de\/de\/2023\/08\/jours-feries\/","title":{"rendered":"Feiertage in Senegal und Berlin."},"content":{"rendered":"<h2 class=\"wp-block-heading has-medium-font-size\">Vorl\u00e4ufige Liste der Feiertage im Senegal und in Berlin f\u00fcr das Jahr 2024<\/h2>\n\n\n\n<p><strong>Anl\u00e4sslich der unten aufgef\u00fchrten Feiertage bleiben die Dienststellen der Botschaft geschlossen.<\/strong><\/p>\n\n\n\n<figure class=\"wp-block-table is-style-stripes\"><table style=\"border-width:2px\"><thead><tr><th><strong>Datum<\/strong><\/th><th><strong>Tag<\/strong><\/th><th>Feiertag<\/th><\/tr><\/thead><tbody><tr><td>1<sup>er<\/sup> Januar<\/td><td>Montag<\/td><td>Neujahr<\/td><\/tr><tr><td>8. M\u00e4rz<\/td><td>Freitag<\/td><td>Internationaler Frauentag<\/td><\/tr><tr><td>29. M\u00e4rz<\/td><td>Freitag<\/td><td>Karfreitag<\/td><\/tr><tr><td>1<sup>er<\/sup> &nbsp;April<\/td><td>Montag<\/td><td>Ostermontag<\/td><\/tr><tr><td>4. April<\/td><td>Donnerstag<\/td><td>Nationalfeiertag von Senegal ( Unabh\u00e4ngigkeitstag)<\/td><\/tr><tr><td><strong>10. April*<\/strong><\/td><td>Mittwoch<\/td><td>Eid al-Fitr (Ende des Ramadan)<\/td><\/tr><tr><td>1<sup>er <\/sup>Mai<\/td><td>Mittwoch<\/td><td>Tag der Arbeit<\/td><\/tr><tr><td><sup> <\/sup>9. Mai<\/td><td>Donnerstag<\/td><td>Christi Himmelfahrt<\/td><\/tr><tr><td>20. Mai<\/td><td>Montag<\/td><td>Pfingstmontag (Senegalesische Christen pilgern zum Marienheiligtum von Popenguine)<\/td><\/tr><tr><td><strong>17. Juni*<\/strong><\/td><td>Montag<\/td><td><strong>Tabaski \u2013 A\u00efd el Kebir<\/strong> (Comm\u00e9moration du sacrifice d&rsquo;Abraham)<\/td><\/tr><tr><td><strong>16. Juli* <\/strong><\/td><td>Dienstag<\/td><td><strong>Tamkharit \u2013 Achoura<\/strong> (10. Tag des muslimischen Neujahrs)<\/td><\/tr><tr><td>15 aout<\/td><td>Donnerstag<\/td><td><strong>Maria Himmelfahrt<\/strong><\/td><\/tr><tr><td><strong>22. August<\/strong>*<\/td><td>Donnerstag<\/td><td><strong>Magal de Touba<\/strong> (Gedenken an die R\u00fcckkehr von Cheikh Ahmadou Bamba MBACKE - Gr\u00fcnder der Bruderschaft der Mouriden - aus dem Exil)<\/td><\/tr><tr><td><strong>16. September*<\/strong><\/td><td>Montag<\/td><td>Maouloud oder Gamu (Geburt des Propheten Mohammed)<\/td><\/tr><tr><td>3. Oktober <\/td><td>Donnerstag<\/td><td>Tag der Deutschen Einheit<\/td><\/tr><tr><td>1. November<\/td><td>Freitag<\/td><td>Allerheiligen<\/td><\/tr><tr><td>25. Dezember<\/td><td>Mittwoch<\/td><td>Weihnachten<\/td><\/tr><tr><td>26. Dezember<\/td><td>Donnerstag<\/td><td>Zweiter Weihnachtstag<\/td><\/tr><\/tbody><\/table><figcaption class=\"wp-element-caption\">Vorl\u00e4ufige Liste der Feiertage im Senegal und in Berlin f\u00fcr das Jahr 2024<\/figcaption><\/figure>\n\n\n\n<p class=\"has-medium-font-size\"><em><strong>NB: *Die Termine k\u00f6nnen sich aufgrund des muslimischen Kalenders \u00e4ndern.<\/strong><\/em><\/p>","protected":false},"excerpt":{"rendered":"<p>Kalender der Feiertage in Senegal und Berlin.<br \/>\nDie Dienststellen der Botschaft werden an diesen Tagen geschlossen sein.<\/p>","protected":false},"author":1,"featured_media":351,"comment_status":"closed","ping_status":"open","sticky":false,"template":"","format":"standard","meta":{"footnotes":""},"categories":[4,9],"tags":[13,12],"class_list":["post-347","post","type-post","status-publish","format-standard","has-post-thumbnail","hentry","category-communique","category-diaspora","tag-communaute-senegalaise-en-allemagne","tag-diapora-senegal"],"blocksy_meta":[],"yoast_head":"<!-- This site is optimized with the Yoast SEO plugin v27.5 - https:\/\/yoast.com\/product\/yoast-seo-wordpress\/ -->\n<title>Jours f\u00e9ri\u00e9s au S\u00e9n\u00e9gal et \u00e0 Berlin - Ambassade du S&eacute;n&eacute;gal en Allemagne<\/title>\n<meta name=\"description\" content=\"Communiqu\u00e9 - Publication de l&#039;Ambassade - Informations pour les usagers --- Pressemitteilung - Ver\u00f6ffentlichung der Botschaft - Informationen f\u00fcr Benutzer --- Press release - Embassy publication - News\" \/>\n<meta name=\"robots\" content=\"index, follow, max-snippet:-1, max-image-preview:large, max-video-preview:-1\" \/>\n<link rel=\"canonical\" href=\"https:\/\/botschaft-senega-r4b19ptaoc.live-website.com\/2023\/08\/jours-feries\/\" \/>\n<meta property=\"og:locale\" content=\"de_DE\" \/>\n<meta property=\"og:type\" content=\"article\" \/>\n<meta property=\"og:title\" content=\"Jours f\u00e9ri\u00e9s au S\u00e9n\u00e9gal et \u00e0 Berlin - Ambassade du S&eacute;n&eacute;gal en Allemagne\" \/>\n<meta property=\"og:description\" content=\"Communiqu\u00e9 - Publication de l&#039;Ambassade - Informations pour les usagers --- Pressemitteilung - Ver\u00f6ffentlichung der Botschaft - Informationen f\u00fcr Benutzer --- Press release - Embassy publication - News\" \/>\n<meta property=\"og:url\" content=\"https:\/\/botschaft-senega-r4b19ptaoc.live-website.com\/2023\/08\/jours-feries\/\" \/>\n<meta property=\"og:site_name\" content=\"Ambassade du S&eacute;n&eacute;gal en Allemagne\" \/>\n<meta property=\"article:published_time\" content=\"2023-08-07T12:09:04+00:00\" \/>\n<meta property=\"article:modified_time\" content=\"2023-12-09T21:42:59+00:00\" \/>\n<meta property=\"og:image\" content=\"https:\/\/botschaft-senega-r4b19ptaoc.live-website.com\/wp-content\/uploads\/2023\/08\/Jours-feries.png\" \/>\n\t<meta property=\"og:image:width\" content=\"1080\" \/>\n\t<meta property=\"og:image:height\" content=\"1350\" \/>\n\t<meta property=\"og:image:type\" content=\"image\/png\" \/>\n<meta name=\"author\" content=\"Ambassade S\u00e9n\u00e9gal Berlin\" \/>\n<meta name=\"twitter:card\" content=\"summary_large_image\" \/>\n<meta name=\"twitter:label1\" content=\"Verfasst von\" \/>\n\t<meta name=\"twitter:data1\" content=\"Ambassade S\u00e9n\u00e9gal Berlin\" \/>\n\t<meta name=\"twitter:label2\" content=\"Gesch\u00e4tzte Lesezeit\" \/>\n\t<meta name=\"twitter:data2\" content=\"1 Minute\" \/>\n<script type=\"application\/ld+json\" class=\"yoast-schema-graph\">{\"@context\":\"https:\\\/\\\/schema.org\",\"@graph\":[{\"@type\":\"Article\",\"@id\":\"https:\\\/\\\/botschaft-senega-r4b19ptaoc.live-website.com\\\/2023\\\/08\\\/jours-feries\\\/#article\",\"isPartOf\":{\"@id\":\"https:\\\/\\\/botschaft-senega-r4b19ptaoc.live-website.com\\\/2023\\\/08\\\/jours-feries\\\/\"},\"author\":{\"name\":\"Ambassade S\u00e9n\u00e9gal Berlin\",\"@id\":\"https:\\\/\\\/botschaft-senega-r4b19ptaoc.live-website.com\\\/#\\\/schema\\\/person\\\/3ae625ae9c06b3cef51cf6fb1f2d3be3\"},\"headline\":\"Jours f\u00e9ri\u00e9s au S\u00e9n\u00e9gal et \u00e0 Berlin\",\"datePublished\":\"2023-08-07T12:09:04+00:00\",\"dateModified\":\"2023-12-09T21:42:59+00:00\",\"mainEntityOfPage\":{\"@id\":\"https:\\\/\\\/botschaft-senega-r4b19ptaoc.live-website.com\\\/2023\\\/08\\\/jours-feries\\\/\"},\"wordCount\":235,\"publisher\":{\"@id\":\"https:\\\/\\\/botschaft-senega-r4b19ptaoc.live-website.com\\\/#organization\"},\"image\":{\"@id\":\"https:\\\/\\\/botschaft-senega-r4b19ptaoc.live-website.com\\\/2023\\\/08\\\/jours-feries\\\/#primaryimage\"},\"thumbnailUrl\":\"https:\\\/\\\/botschaft-senegal.de\\\/wp-content\\\/uploads\\\/2023\\\/08\\\/Jours-feries.png\",\"keywords\":[\"communaut\u00e9 s\u00e9n\u00e9galaise en Allemagne\",\"diapora senegal\"],\"articleSection\":[\"Communiqu\u00e9\",\"Diaspora\"],\"inLanguage\":\"de\"},{\"@type\":\"WebPage\",\"@id\":\"https:\\\/\\\/botschaft-senega-r4b19ptaoc.live-website.com\\\/2023\\\/08\\\/jours-feries\\\/\",\"url\":\"https:\\\/\\\/botschaft-senega-r4b19ptaoc.live-website.com\\\/2023\\\/08\\\/jours-feries\\\/\",\"name\":\"Jours f\u00e9ri\u00e9s au S\u00e9n\u00e9gal et \u00e0 Berlin - Ambassade du S&eacute;n&eacute;gal en Allemagne\",\"isPartOf\":{\"@id\":\"https:\\\/\\\/botschaft-senega-r4b19ptaoc.live-website.com\\\/#website\"},\"primaryImageOfPage\":{\"@id\":\"https:\\\/\\\/botschaft-senega-r4b19ptaoc.live-website.com\\\/2023\\\/08\\\/jours-feries\\\/#primaryimage\"},\"image\":{\"@id\":\"https:\\\/\\\/botschaft-senega-r4b19ptaoc.live-website.com\\\/2023\\\/08\\\/jours-feries\\\/#primaryimage\"},\"thumbnailUrl\":\"https:\\\/\\\/botschaft-senegal.de\\\/wp-content\\\/uploads\\\/2023\\\/08\\\/Jours-feries.png\",\"datePublished\":\"2023-08-07T12:09:04+00:00\",\"dateModified\":\"2023-12-09T21:42:59+00:00\",\"description\":\"Communiqu\u00e9 - Publication de l'Ambassade - Informations pour les usagers --- Pressemitteilung - Ver\u00f6ffentlichung der Botschaft - Informationen f\u00fcr Benutzer --- Press release - Embassy publication - News\",\"breadcrumb\":{\"@id\":\"https:\\\/\\\/botschaft-senega-r4b19ptaoc.live-website.com\\\/2023\\\/08\\\/jours-feries\\\/#breadcrumb\"},\"inLanguage\":\"de\",\"potentialAction\":[{\"@type\":\"ReadAction\",\"target\":[\"https:\\\/\\\/botschaft-senega-r4b19ptaoc.live-website.com\\\/2023\\\/08\\\/jours-feries\\\/\"]}]},{\"@type\":\"ImageObject\",\"inLanguage\":\"de\",\"@id\":\"https:\\\/\\\/botschaft-senega-r4b19ptaoc.live-website.com\\\/2023\\\/08\\\/jours-feries\\\/#primaryimage\",\"url\":\"https:\\\/\\\/botschaft-senegal.de\\\/wp-content\\\/uploads\\\/2023\\\/08\\\/Jours-feries.png\",\"contentUrl\":\"https:\\\/\\\/botschaft-senegal.de\\\/wp-content\\\/uploads\\\/2023\\\/08\\\/Jours-feries.png\",\"width\":1080,\"height\":1350,\"caption\":\"Jours f\u00e9ries - Feiertage - public holidays\"},{\"@type\":\"BreadcrumbList\",\"@id\":\"https:\\\/\\\/botschaft-senega-r4b19ptaoc.live-website.com\\\/2023\\\/08\\\/jours-feries\\\/#breadcrumb\",\"itemListElement\":[{\"@type\":\"ListItem\",\"position\":1,\"name\":\"Accueil\",\"item\":\"https:\\\/\\\/botschaft-senegal.de\\\/\"},{\"@type\":\"ListItem\",\"position\":2,\"name\":\"Jours f\u00e9ri\u00e9s au S\u00e9n\u00e9gal et \u00e0 Berlin\"}]},{\"@type\":\"WebSite\",\"@id\":\"https:\\\/\\\/botschaft-senega-r4b19ptaoc.live-website.com\\\/#website\",\"url\":\"https:\\\/\\\/botschaft-senega-r4b19ptaoc.live-website.com\\\/\",\"name\":\"Ambassade du S\u00e9n\u00e9gal \u00e0 Berlin\",\"description\":\"Ambassade du S&eacute;n&eacute;gal &agrave; Berlin\",\"publisher\":{\"@id\":\"https:\\\/\\\/botschaft-senega-r4b19ptaoc.live-website.com\\\/#organization\"},\"alternateName\":\"Botschaft Senegal\",\"potentialAction\":[{\"@type\":\"SearchAction\",\"target\":{\"@type\":\"EntryPoint\",\"urlTemplate\":\"https:\\\/\\\/botschaft-senega-r4b19ptaoc.live-website.com\\\/?s={search_term_string}\"},\"query-input\":{\"@type\":\"PropertyValueSpecification\",\"valueRequired\":true,\"valueName\":\"search_term_string\"}}],\"inLanguage\":\"de\"},{\"@type\":\"Organization\",\"@id\":\"https:\\\/\\\/botschaft-senega-r4b19ptaoc.live-website.com\\\/#organization\",\"name\":\"Ambassade du S\u00e9n\u00e9gal \u00e0 Berlin - Botschaft Senegal\",\"alternateName\":\"Botschaft senegal\",\"url\":\"https:\\\/\\\/botschaft-senega-r4b19ptaoc.live-website.com\\\/\",\"logo\":{\"@type\":\"ImageObject\",\"inLanguage\":\"de\",\"@id\":\"https:\\\/\\\/botschaft-senega-r4b19ptaoc.live-website.com\\\/#\\\/schema\\\/logo\\\/image\\\/\",\"url\":\"https:\\\/\\\/botschaft-senegal.de\\\/wp-content\\\/uploads\\\/2023\\\/07\\\/logo.svg.png\",\"contentUrl\":\"https:\\\/\\\/botschaft-senegal.de\\\/wp-content\\\/uploads\\\/2023\\\/07\\\/logo.svg.png\",\"width\":200,\"height\":237,\"caption\":\"Ambassade du S\u00e9n\u00e9gal \u00e0 Berlin - Botschaft Senegal\"},\"image\":{\"@id\":\"https:\\\/\\\/botschaft-senega-r4b19ptaoc.live-website.com\\\/#\\\/schema\\\/logo\\\/image\\\/\"}},{\"@type\":\"Person\",\"@id\":\"https:\\\/\\\/botschaft-senega-r4b19ptaoc.live-website.com\\\/#\\\/schema\\\/person\\\/3ae625ae9c06b3cef51cf6fb1f2d3be3\",\"name\":\"Ambassade S\u00e9n\u00e9gal Berlin\",\"image\":{\"@type\":\"ImageObject\",\"inLanguage\":\"de\",\"@id\":\"https:\\\/\\\/secure.gravatar.com\\\/avatar\\\/08e11eac2e954afcbc74ce3c7d208281fe059afdd76b3c81f44dbb2929deb38b?s=96&d=mm&r=g\",\"url\":\"https:\\\/\\\/secure.gravatar.com\\\/avatar\\\/08e11eac2e954afcbc74ce3c7d208281fe059afdd76b3c81f44dbb2929deb38b?s=96&d=mm&r=g\",\"contentUrl\":\"https:\\\/\\\/secure.gravatar.com\\\/avatar\\\/08e11eac2e954afcbc74ce3c7d208281fe059afdd76b3c81f44dbb2929deb38b?s=96&d=mm&r=g\",\"caption\":\"Ambassade S\u00e9n\u00e9gal Berlin\"},\"sameAs\":[\"https:\\\/\\\/botschaft-senegal.de\"],\"url\":\"https:\\\/\\\/botschaft-senegal.de\\\/de\\\/author\\\/admin\\\/\"}]}<\/script>\n<!-- \/ Yoast SEO plugin. -->","yoast_head_json":{"title":"Jours f\u00e9ri\u00e9s au S\u00e9n\u00e9gal et \u00e0 Berlin - Ambassade du S&eacute;n&eacute;gal en Allemagne","description":"Communiqu\u00e9 - Publication de l'Ambassade - Informations pour les usagers --- Pressemitteilung - Ver\u00f6ffentlichung der Botschaft - Informationen f\u00fcr Benutzer --- Press release - Embassy publication - News","robots":{"index":"index","follow":"follow","max-snippet":"max-snippet:-1","max-image-preview":"max-image-preview:large","max-video-preview":"max-video-preview:-1"},"canonical":"https:\/\/botschaft-senega-r4b19ptaoc.live-website.com\/2023\/08\/jours-feries\/","og_locale":"de_DE","og_type":"article","og_title":"Jours f\u00e9ri\u00e9s au S\u00e9n\u00e9gal et \u00e0 Berlin - Ambassade du S&eacute;n&eacute;gal en Allemagne","og_description":"Communiqu\u00e9 - Publication de l'Ambassade - Informations pour les usagers --- Pressemitteilung - Ver\u00f6ffentlichung der Botschaft - Informationen f\u00fcr Benutzer --- Press release - Embassy publication - News","og_url":"https:\/\/botschaft-senega-r4b19ptaoc.live-website.com\/2023\/08\/jours-feries\/","og_site_name":"Ambassade du S&eacute;n&eacute;gal en Allemagne","article_published_time":"2023-08-07T12:09:04+00:00","article_modified_time":"2023-12-09T21:42:59+00:00","og_image":[{"width":1080,"height":1350,"url":"https:\/\/botschaft-senega-r4b19ptaoc.live-website.com\/wp-content\/uploads\/2023\/08\/Jours-feries.png","type":"image\/png"}],"author":"Ambassade S\u00e9n\u00e9gal Berlin","twitter_card":"summary_large_image","twitter_misc":{"Verfasst von":"Ambassade S\u00e9n\u00e9gal Berlin","Gesch\u00e4tzte Lesezeit":"1 Minute"},"schema":{"@context":"https:\/\/schema.org","@graph":[{"@type":"Article","@id":"https:\/\/botschaft-senega-r4b19ptaoc.live-website.com\/2023\/08\/jours-feries\/#article","isPartOf":{"@id":"https:\/\/botschaft-senega-r4b19ptaoc.live-website.com\/2023\/08\/jours-feries\/"},"author":{"name":"Ambassade S\u00e9n\u00e9gal Berlin","@id":"https:\/\/botschaft-senega-r4b19ptaoc.live-website.com\/#\/schema\/person\/3ae625ae9c06b3cef51cf6fb1f2d3be3"},"headline":"Jours f\u00e9ri\u00e9s au S\u00e9n\u00e9gal et \u00e0 Berlin","datePublished":"2023-08-07T12:09:04+00:00","dateModified":"2023-12-09T21:42:59+00:00","mainEntityOfPage":{"@id":"https:\/\/botschaft-senega-r4b19ptaoc.live-website.com\/2023\/08\/jours-feries\/"},"wordCount":235,"publisher":{"@id":"https:\/\/botschaft-senega-r4b19ptaoc.live-website.com\/#organization"},"image":{"@id":"https:\/\/botschaft-senega-r4b19ptaoc.live-website.com\/2023\/08\/jours-feries\/#primaryimage"},"thumbnailUrl":"https:\/\/botschaft-senegal.de\/wp-content\/uploads\/2023\/08\/Jours-feries.png","keywords":["communaut\u00e9 s\u00e9n\u00e9galaise en Allemagne","diapora senegal"],"articleSection":["Communiqu\u00e9","Diaspora"],"inLanguage":"de"},{"@type":"WebPage","@id":"https:\/\/botschaft-senega-r4b19ptaoc.live-website.com\/2023\/08\/jours-feries\/","url":"https:\/\/botschaft-senega-r4b19ptaoc.live-website.com\/2023\/08\/jours-feries\/","name":"Jours f\u00e9ri\u00e9s au S\u00e9n\u00e9gal et \u00e0 Berlin - Ambassade du S&eacute;n&eacute;gal en Allemagne","isPartOf":{"@id":"https:\/\/botschaft-senega-r4b19ptaoc.live-website.com\/#website"},"primaryImageOfPage":{"@id":"https:\/\/botschaft-senega-r4b19ptaoc.live-website.com\/2023\/08\/jours-feries\/#primaryimage"},"image":{"@id":"https:\/\/botschaft-senega-r4b19ptaoc.live-website.com\/2023\/08\/jours-feries\/#primaryimage"},"thumbnailUrl":"https:\/\/botschaft-senegal.de\/wp-content\/uploads\/2023\/08\/Jours-feries.png","datePublished":"2023-08-07T12:09:04+00:00","dateModified":"2023-12-09T21:42:59+00:00","description":"Communiqu\u00e9 - Publication de l'Ambassade - Informations pour les usagers --- Pressemitteilung - Ver\u00f6ffentlichung der Botschaft - Informationen f\u00fcr Benutzer --- Press release - Embassy publication - News","breadcrumb":{"@id":"https:\/\/botschaft-senega-r4b19ptaoc.live-website.com\/2023\/08\/jours-feries\/#breadcrumb"},"inLanguage":"de","potentialAction":[{"@type":"ReadAction","target":["https:\/\/botschaft-senega-r4b19ptaoc.live-website.com\/2023\/08\/jours-feries\/"]}]},{"@type":"ImageObject","inLanguage":"de","@id":"https:\/\/botschaft-senega-r4b19ptaoc.live-website.com\/2023\/08\/jours-feries\/#primaryimage","url":"https:\/\/botschaft-senegal.de\/wp-content\/uploads\/2023\/08\/Jours-feries.png","contentUrl":"https:\/\/botschaft-senegal.de\/wp-content\/uploads\/2023\/08\/Jours-feries.png","width":1080,"height":1350,"caption":"Jours f\u00e9ries - Feiertage - public holidays"},{"@type":"BreadcrumbList","@id":"https:\/\/botschaft-senega-r4b19ptaoc.live-website.com\/2023\/08\/jours-feries\/#breadcrumb","itemListElement":[{"@type":"ListItem","position":1,"name":"Accueil","item":"https:\/\/botschaft-senegal.de\/"},{"@type":"ListItem","position":2,"name":"Jours f\u00e9ri\u00e9s au S\u00e9n\u00e9gal et \u00e0 Berlin"}]},{"@type":"WebSite","@id":"https:\/\/botschaft-senega-r4b19ptaoc.live-website.com\/#website","url":"https:\/\/botschaft-senega-r4b19ptaoc.live-website.com\/","name":"Ambassade du S\u00e9n\u00e9gal \u00e0 Berlin","description":"Ambassade du S&eacute;n&eacute;gal &agrave; Berlin","publisher":{"@id":"https:\/\/botschaft-senega-r4b19ptaoc.live-website.com\/#organization"},"alternateName":"Botschaft Senegal","potentialAction":[{"@type":"SearchAction","target":{"@type":"EntryPoint","urlTemplate":"https:\/\/botschaft-senega-r4b19ptaoc.live-website.com\/?s={search_term_string}"},"query-input":{"@type":"PropertyValueSpecification","valueRequired":true,"valueName":"search_term_string"}}],"inLanguage":"de"},{"@type":"Organization","@id":"https:\/\/botschaft-senega-r4b19ptaoc.live-website.com\/#organization","name":"Ambassade du S\u00e9n\u00e9gal \u00e0 Berlin - Botschaft Senegal","alternateName":"Botschaft senegal","url":"https:\/\/botschaft-senega-r4b19ptaoc.live-website.com\/","logo":{"@type":"ImageObject","inLanguage":"de","@id":"https:\/\/botschaft-senega-r4b19ptaoc.live-website.com\/#\/schema\/logo\/image\/","url":"https:\/\/botschaft-senegal.de\/wp-content\/uploads\/2023\/07\/logo.svg.png","contentUrl":"https:\/\/botschaft-senegal.de\/wp-content\/uploads\/2023\/07\/logo.svg.png","width":200,"height":237,"caption":"Ambassade du S\u00e9n\u00e9gal \u00e0 Berlin - Botschaft Senegal"},"image":{"@id":"https:\/\/botschaft-senega-r4b19ptaoc.live-website.com\/#\/schema\/logo\/image\/"}},{"@type":"Person","@id":"https:\/\/botschaft-senega-r4b19ptaoc.live-website.com\/#\/schema\/person\/3ae625ae9c06b3cef51cf6fb1f2d3be3","name":"Senegalesische Botschaft Berlin","image":{"@type":"ImageObject","inLanguage":"de","@id":"https:\/\/secure.gravatar.com\/avatar\/08e11eac2e954afcbc74ce3c7d208281fe059afdd76b3c81f44dbb2929deb38b?s=96&d=mm&r=g","url":"https:\/\/secure.gravatar.com\/avatar\/08e11eac2e954afcbc74ce3c7d208281fe059afdd76b3c81f44dbb2929deb38b?s=96&d=mm&r=g","contentUrl":"https:\/\/secure.gravatar.com\/avatar\/08e11eac2e954afcbc74ce3c7d208281fe059afdd76b3c81f44dbb2929deb38b?s=96&d=mm&r=g","caption":"Ambassade S\u00e9n\u00e9gal Berlin"},"sameAs":["https:\/\/botschaft-senegal.de"],"url":"https:\/\/botschaft-senegal.de\/de\/author\/admin\/"}]}},"_links":{"self":[{"href":"https:\/\/botschaft-senegal.de\/de\/wp-json\/wp\/v2\/posts\/347","targetHints":{"allow":["GET"]}}],"collection":[{"href":"https:\/\/botschaft-senegal.de\/de\/wp-json\/wp\/v2\/posts"}],"about":[{"href":"https:\/\/botschaft-senegal.de\/de\/wp-json\/wp\/v2\/types\/post"}],"author":[{"embeddable":true,"href":"https:\/\/botschaft-senegal.de\/de\/wp-json\/wp\/v2\/users\/1"}],"replies":[{"embeddable":true,"href":"https:\/\/botschaft-senegal.de\/de\/wp-json\/wp\/v2\/comments?post=347"}],"version-history":[{"count":19,"href":"https:\/\/botschaft-senegal.de\/de\/wp-json\/wp\/v2\/posts\/347\/revisions"}],"predecessor-version":[{"id":886,"href":"https:\/\/botschaft-senegal.de\/de\/wp-json\/wp\/v2\/posts\/347\/revisions\/886"}],"wp:featuredmedia":[{"embeddable":true,"href":"https:\/\/botschaft-senegal.de\/de\/wp-json\/wp\/v2\/media\/351"}],"wp:attachment":[{"href":"https:\/\/botschaft-senegal.de\/de\/wp-json\/wp\/v2\/media?parent=347"}],"wp:term":[{"taxonomy":"category","embeddable":true,"href":"https:\/\/botschaft-senegal.de\/de\/wp-json\/wp\/v2\/categories?post=347"},{"taxonomy":"post_tag","embeddable":true,"href":"https:\/\/botschaft-senegal.de\/de\/wp-json\/wp\/v2\/tags?post=347"}],"curies":[{"name":"wp","href":"https:\/\/api.w.org\/{rel}","templated":true}]}}